{"id":294,"date":"2020-03-03T11:30:04","date_gmt":"2020-03-03T10:30:04","guid":{"rendered":"http:\/\/travelwithlaurenceandco.fr\/?p=294"},"modified":"2022-11-18T16:04:50","modified_gmt":"2022-11-18T15:04:50","slug":"road-trip-malte-gozo","status":"publish","type":"post","link":"https:\/\/travelwithlaurenceandco.fr\/index.php\/2020\/03\/03\/road-trip-malte-gozo\/","title":{"rendered":"Astuces pour visiter Malte en 7 jours"},"content":{"rendered":"<h1>7 jours \u00e0 Malte :<\/h1>\n<p style=\"text-align: justify;\">Dans ce road trip vlog : notre voyage de 7 jours \u00e0 Malte avec bons plans et astuces .Nous avons visit\u00e9 Malte et Gozo pendant l&rsquo;automne, qui semble \u00eatre la meilleure p\u00e9riode pour se baigner : 27\u00b0 dans l&rsquo;eau et dehors\u00a0 mais aussi les rencontres qui nous ont le plus marqu\u00e9es&#8230;..<\/p>\n<p><iframe data-src=\"https:\/\/www.youtube.com\/embed\/lLY73PWswJk\" width=\"560\" height=\"315\" frameborder=\"0\" allowfullscreen=\"allowfullscreen\" src=\"data:image\/svg+xml;base64,PHN2ZyB3aWR0aD0iMSIgaGVpZ2h0PSIxIiB4bWxucz0iaHR0cDovL3d3dy53My5vcmcvMjAwMC9zdmciPjwvc3ZnPg==\" class=\"lazyload\" data-load-mode=\"1\"><\/iframe><\/p>\n<p style=\"text-align: justify;\">Vous d\u00e9couvrirez s\u00fbrement l&rsquo;une des plus belles \u00eeles de l&rsquo;archipel :celle de Gozo avec son c\u00e9l\u00e8bre Azure Window qui bien qu&rsquo;ayant disparu suscite toujours la curiosit\u00e9. Les paysages sont vraiment sublimes et vari\u00e9s.<\/p>\n<div id='gallery-1' class='gallery galleryid-294 gallery-columns-3 gallery-size-medium'><figure class='gallery-item'>\n\t\t\t<div class='gallery-icon landscape'>\n\t\t\t\t<a href='https:\/\/travelwithlaurenceandco.fr\/index.php\/2020\/03\/03\/road-trip-malte-gozo\/fungus-rock-gozo-2\/'><img decoding=\"async\" width=\"300\" height=\"225\" data-src=\"https:\/\/i0.wp.com\/travelwithlaurenceandco.fr\/wp-content\/uploads\/2020\/02\/Fungus-rock-Gozo-1-1.jpg?fit=300%2C225&amp;ssl=1\" class=\"attachment-medium size-medium lazyload\" alt=\"\" data-srcset=\"https:\/\/i0.wp.com\/travelwithlaurenceandco.fr\/wp-content\/uploads\/2020\/02\/Fungus-rock-Gozo-1-1.jpg?w=640&amp;ssl=1 640w, https:\/\/i0.wp.com\/travelwithlaurenceandco.fr\/wp-content\/uploads\/2020\/02\/Fungus-rock-Gozo-1-1.jpg?resize=300%2C225&amp;ssl=1 300w\" data-sizes=\"(max-width: 300px) 100vw, 300px\" src=\"data:image\/svg+xml;base64,PHN2ZyB3aWR0aD0iMSIgaGVpZ2h0PSIxIiB4bWxucz0iaHR0cDovL3d3dy53My5vcmcvMjAwMC9zdmciPjwvc3ZnPg==\" style=\"--smush-placeholder-width: 300px; --smush-placeholder-aspect-ratio: 300\/225;\" \/><\/a>\n\t\t\t<\/div><\/figure><figure class='gallery-item'>\n\t\t\t<div class='gallery-icon landscape'>\n\t\t\t\t<a href='https:\/\/travelwithlaurenceandco.fr\/index.php\/2020\/03\/03\/road-trip-malte-gozo\/ghajn-barrani-salt-pans-malta\/'><img decoding=\"async\" width=\"300\" height=\"225\" data-src=\"https:\/\/i0.wp.com\/travelwithlaurenceandco.fr\/wp-content\/uploads\/2020\/02\/Ghajn-Barrani-salt-pans-Malta-.jpeg?fit=300%2C225&amp;ssl=1\" class=\"attachment-medium size-medium lazyload\" alt=\"\" data-srcset=\"https:\/\/i0.wp.com\/travelwithlaurenceandco.fr\/wp-content\/uploads\/2020\/02\/Ghajn-Barrani-salt-pans-Malta-.jpeg?w=640&amp;ssl=1 640w, https:\/\/i0.wp.com\/travelwithlaurenceandco.fr\/wp-content\/uploads\/2020\/02\/Ghajn-Barrani-salt-pans-Malta-.jpeg?resize=300%2C225&amp;ssl=1 300w\" data-sizes=\"(max-width: 300px) 100vw, 300px\" src=\"data:image\/svg+xml;base64,PHN2ZyB3aWR0aD0iMSIgaGVpZ2h0PSIxIiB4bWxucz0iaHR0cDovL3d3dy53My5vcmcvMjAwMC9zdmciPjwvc3ZnPg==\" style=\"--smush-placeholder-width: 300px; --smush-placeholder-aspect-ratio: 300\/225;\" \/><\/a>\n\t\t\t<\/div><\/figure><figure class='gallery-item'>\n\t\t\t<div class='gallery-icon landscape'>\n\t\t\t\t<a href='https:\/\/travelwithlaurenceandco.fr\/index.php\/2020\/03\/03\/road-trip-malte-gozo\/basilique-ta-pinu-malte\/'><img decoding=\"async\" width=\"300\" height=\"225\" data-src=\"https:\/\/i0.wp.com\/travelwithlaurenceandco.fr\/wp-content\/uploads\/2020\/02\/basilique-Ta-Pinu-malte-.jpeg?fit=300%2C225&amp;ssl=1\" class=\"attachment-medium size-medium lazyload\" alt=\"\" data-srcset=\"https:\/\/i0.wp.com\/travelwithlaurenceandco.fr\/wp-content\/uploads\/2020\/02\/basilique-Ta-Pinu-malte-.jpeg?w=640&amp;ssl=1 640w, https:\/\/i0.wp.com\/travelwithlaurenceandco.fr\/wp-content\/uploads\/2020\/02\/basilique-Ta-Pinu-malte-.jpeg?resize=300%2C225&amp;ssl=1 300w\" data-sizes=\"(max-width: 300px) 100vw, 300px\" src=\"data:image\/svg+xml;base64,PHN2ZyB3aWR0aD0iMSIgaGVpZ2h0PSIxIiB4bWxucz0iaHR0cDovL3d3dy53My5vcmcvMjAwMC9zdmciPjwvc3ZnPg==\" style=\"--smush-placeholder-width: 300px; --smush-placeholder-aspect-ratio: 300\/225;\" \/><\/a>\n\t\t\t<\/div><\/figure>\n\t\t<\/div>\n\n<p style=\"text-align: justify;\">A notre arriv\u00e9e ,apr\u00e8s avoir h\u00e9sit\u00e9 entre les transports en commun et la location de voiture nous avons privil\u00e9gi\u00e9 la voiture car les transports par bus sont tr\u00e8s contraignants et les horaires fantaisistes . La\u00a0 circulation autour de la capitale la valette est particuli\u00e8rement dense et ne nous aurait pas permis de visiter grand chose sur Malte et Gozo avec le bus.<\/p>\n<h2><strong>\u00a0<\/strong><\/h2>\n<p style=\"text-align: justify;\">le s\u00e9jour a d&rsquo;abord d\u00e9but\u00e9 par Gozzo qui m\u00e9rite selon nous plus de 2\/3 jours car il y fait bon vivre et le calme apparent tranche avec la capitale que nous verrons ensuite.<\/p>\n<p style=\"text-align: justify;\">Pour dormir sur Gozzo vous avez le choix entre de nombreuses Guesthouses, mais une plus particuli\u00e8re, bien plac\u00e9e, a retenu notre attention, pour son cadre enchanteur et la gentillesse de ses h\u00f4tes:<\/p>\n<div id='gallery-2' class='gallery galleryid-294 gallery-columns-3 gallery-size-medium'><figure class='gallery-item'>\n\t\t\t<div class='gallery-icon landscape'>\n\t\t\t\t<a href='https:\/\/travelwithlaurenceandco.fr\/index.php\/2020\/03\/03\/road-trip-malte-gozo\/ghesthouse-gozo-marias-bb\/'><img decoding=\"async\" width=\"300\" height=\"225\" data-src=\"https:\/\/i0.wp.com\/travelwithlaurenceandco.fr\/wp-content\/uploads\/2020\/02\/ghesthouse-Gozo-Marias-BB-.jpeg?fit=300%2C225&amp;ssl=1\" class=\"attachment-medium size-medium lazyload\" alt=\"\" data-srcset=\"https:\/\/i0.wp.com\/travelwithlaurenceandco.fr\/wp-content\/uploads\/2020\/02\/ghesthouse-Gozo-Marias-BB-.jpeg?w=640&amp;ssl=1 640w, https:\/\/i0.wp.com\/travelwithlaurenceandco.fr\/wp-content\/uploads\/2020\/02\/ghesthouse-Gozo-Marias-BB-.jpeg?resize=300%2C225&amp;ssl=1 300w\" data-sizes=\"(max-width: 300px) 100vw, 300px\" src=\"data:image\/svg+xml;base64,PHN2ZyB3aWR0aD0iMSIgaGVpZ2h0PSIxIiB4bWxucz0iaHR0cDovL3d3dy53My5vcmcvMjAwMC9zdmciPjwvc3ZnPg==\" style=\"--smush-placeholder-width: 300px; --smush-placeholder-aspect-ratio: 300\/225;\" \/><\/a>\n\t\t\t<\/div><\/figure><figure class='gallery-item'>\n\t\t\t<div class='gallery-icon landscape'>\n\t\t\t\t<a href='https:\/\/travelwithlaurenceandco.fr\/index.php\/2020\/03\/03\/road-trip-malte-gozo\/marias-bb-gozo-malta\/'><img decoding=\"async\" width=\"300\" height=\"169\" data-src=\"https:\/\/i0.wp.com\/travelwithlaurenceandco.fr\/wp-content\/uploads\/2020\/02\/Marias-BB-GOZO-MALTA-.png?fit=300%2C169&amp;ssl=1\" class=\"attachment-medium size-medium lazyload\" alt=\"\" data-srcset=\"https:\/\/i0.wp.com\/travelwithlaurenceandco.fr\/wp-content\/uploads\/2020\/02\/Marias-BB-GOZO-MALTA-.png?w=853&amp;ssl=1 853w, https:\/\/i0.wp.com\/travelwithlaurenceandco.fr\/wp-content\/uploads\/2020\/02\/Marias-BB-GOZO-MALTA-.png?resize=300%2C169&amp;ssl=1 300w, https:\/\/i0.wp.com\/travelwithlaurenceandco.fr\/wp-content\/uploads\/2020\/02\/Marias-BB-GOZO-MALTA-.png?resize=768%2C432&amp;ssl=1 768w, https:\/\/i0.wp.com\/travelwithlaurenceandco.fr\/wp-content\/uploads\/2020\/02\/Marias-BB-GOZO-MALTA-.png?resize=850%2C478&amp;ssl=1 850w\" data-sizes=\"(max-width: 300px) 100vw, 300px\" src=\"data:image\/svg+xml;base64,PHN2ZyB3aWR0aD0iMSIgaGVpZ2h0PSIxIiB4bWxucz0iaHR0cDovL3d3dy53My5vcmcvMjAwMC9zdmciPjwvc3ZnPg==\" style=\"--smush-placeholder-width: 300px; --smush-placeholder-aspect-ratio: 300\/169;\" \/><\/a>\n\t\t\t<\/div><\/figure><figure class='gallery-item'>\n\t\t\t<div class='gallery-icon landscape'>\n\t\t\t\t<a href='https:\/\/travelwithlaurenceandco.fr\/index.php\/2020\/03\/03\/road-trip-malte-gozo\/guesthouse-b-b-a-gozo\/'><img decoding=\"async\" width=\"300\" height=\"169\" data-src=\"https:\/\/i0.wp.com\/travelwithlaurenceandco.fr\/wp-content\/uploads\/2020\/02\/guesthouse-b-b-%C3%A0-gozo-.png?fit=300%2C169&amp;ssl=1\" class=\"attachment-medium size-medium lazyload\" alt=\"\" src=\"data:image\/svg+xml;base64,PHN2ZyB3aWR0aD0iMSIgaGVpZ2h0PSIxIiB4bWxucz0iaHR0cDovL3d3dy53My5vcmcvMjAwMC9zdmciPjwvc3ZnPg==\" style=\"--smush-placeholder-width: 300px; --smush-placeholder-aspect-ratio: 300\/169;\" \/><\/a>\n\t\t\t<\/div><\/figure>\n\t\t<\/div>\n\n<p>\u2705 Maria&rsquo;s B&amp;B 31 Muxabija street<br \/>\nG\u0127asri GSR 1251 GOZO-MALTA<br \/>\nhttps:\/\/www.tamariagozo.com\/<br \/>\n\ud83c\udf10 info@tamariagozzo.com<br \/>\n\ud83d\udcde +356 2155 3630<\/p>\n<p>Ce qui frappe \u00e0 Gozo, c&rsquo;est la beaut\u00e9 et l&rsquo;\u00e2pret\u00e9 des paysages\u00a0 digne des grandes s\u00e9ries t\u00e9l\u00e9s.<\/p>\n<p><img data-recalc-dims=\"1\" decoding=\"async\" class=\"wp-image-378 size-full aligncenter lazyload\" data-src=\"https:\/\/i0.wp.com\/travelwithlaurenceandco.fr\/wp-content\/uploads\/2020\/02\/Gozo-Malte-.png?resize=640%2C360&#038;ssl=1\" alt=\"\" width=\"640\" height=\"360\" data-srcset=\"https:\/\/i0.wp.com\/travelwithlaurenceandco.fr\/wp-content\/uploads\/2020\/02\/Gozo-Malte-.png?w=853&amp;ssl=1 853w, https:\/\/i0.wp.com\/travelwithlaurenceandco.fr\/wp-content\/uploads\/2020\/02\/Gozo-Malte-.png?resize=300%2C169&amp;ssl=1 300w, https:\/\/i0.wp.com\/travelwithlaurenceandco.fr\/wp-content\/uploads\/2020\/02\/Gozo-Malte-.png?resize=768%2C432&amp;ssl=1 768w, https:\/\/i0.wp.com\/travelwithlaurenceandco.fr\/wp-content\/uploads\/2020\/02\/Gozo-Malte-.png?resize=850%2C478&amp;ssl=1 850w\" data-sizes=\"(max-width: 640px) 100vw, 640px\" src=\"data:image\/svg+xml;base64,PHN2ZyB3aWR0aD0iMSIgaGVpZ2h0PSIxIiB4bWxucz0iaHR0cDovL3d3dy53My5vcmcvMjAwMC9zdmciPjwvc3ZnPg==\" style=\"--smush-placeholder-width: 640px; --smush-placeholder-aspect-ratio: 640\/360;\" \/><\/p>\n<p style=\"text-align: justify;\">Par contre, pour l&rsquo;\u00e9levage et la culture nous n&rsquo;avons rien vu de significatif, tout est plut\u00f4t acc\u00e8s vers le tourisme.<\/p>\n<p style=\"text-align: justify;\">C\u00f4t\u00e9 architecture, tous les b\u00e2timents et murs de l&rsquo;\u00eele sont construits avec une roche calcaire qui nous a intrigu\u00e9e elles sont extraites de carri\u00e8res de Globig\u00e9rine. se m\u00ealent \u00e9trangement des maisons de style victorien r\u00e9nov\u00e9es, les maisons traditionnelles en r\u00e9novation ou \u00e0 l&rsquo;abandon sur des routes ou des rues \u00e0 la largeur extr\u00eamement variable \u00e0 chaque instant&#8230;<\/p>\n<p style=\"text-align: justify;\">Vous l&rsquo;avez compris, pour un s\u00e9jour en amoureux ou en famille, vous y trouverez des petits endroits paisibles parfois pr\u00e9serv\u00e9s, loin du tumulte de l&rsquo;\u00eele principale Malte avec la valette.<\/p>\n<p><img data-recalc-dims=\"1\" decoding=\"async\" class=\"wp-image-373 size-full aligncenter lazyload\" data-src=\"https:\/\/i0.wp.com\/travelwithlaurenceandco.fr\/wp-content\/uploads\/2020\/02\/crique-secr%C3%A8te-Gozo-.png?resize=640%2C360&#038;ssl=1\" alt=\"\" width=\"640\" height=\"360\" data-srcset=\"https:\/\/i0.wp.com\/travelwithlaurenceandco.fr\/wp-content\/uploads\/2020\/02\/crique-secr%C3%A8te-Gozo-.png?w=853&amp;ssl=1 853w, https:\/\/i0.wp.com\/travelwithlaurenceandco.fr\/wp-content\/uploads\/2020\/02\/crique-secr%C3%A8te-Gozo-.png?resize=300%2C169&amp;ssl=1 300w, https:\/\/i0.wp.com\/travelwithlaurenceandco.fr\/wp-content\/uploads\/2020\/02\/crique-secr%C3%A8te-Gozo-.png?resize=768%2C432&amp;ssl=1 768w, https:\/\/i0.wp.com\/travelwithlaurenceandco.fr\/wp-content\/uploads\/2020\/02\/crique-secr%C3%A8te-Gozo-.png?resize=850%2C478&amp;ssl=1 850w\" data-sizes=\"(max-width: 640px) 100vw, 640px\" src=\"data:image\/svg+xml;base64,PHN2ZyB3aWR0aD0iMSIgaGVpZ2h0PSIxIiB4bWxucz0iaHR0cDovL3d3dy53My5vcmcvMjAwMC9zdmciPjwvc3ZnPg==\" style=\"--smush-placeholder-width: 640px; --smush-placeholder-aspect-ratio: 640\/360;\" \/><\/p>\n<h2><strong>MALTE\u00a0<\/strong><\/h2>\n<p style=\"text-align: justify;\">De retour sur l&rsquo;\u00eele principale, la circulation est beaucoup plus dense. \u00c0 l&rsquo;approche de la capitale la valette les embouteillages sont quotidiens. Aussi, il est pr\u00e9f\u00e9rable de loger \u00e0 l&rsquo;ext\u00e9rieur de la capitale et de s&rsquo;y rendre en bus. Vous y d\u00e9placerez plus ais\u00e9ment. En voiture c&rsquo;est quasiment mission impossible. Encore plus, si vous logez dans la capitale. Vous devez garder votre v\u00e9hicule pour les excursions aux 4 coins de l&rsquo;\u00eele si vous ne voulez pas perdre de temps.<\/p>\n<h3>La valette:<\/h3>\n<p style=\"text-align: justify;\">A la valette, pour voir les 3 cit\u00e9s en face de la valette si vous ne disposez pas d&rsquo; une journ\u00e9e, ou si vous \u00eates press\u00e9s, la bonne astuce consiste \u00e0 emprunter les gondoles\u00a0 Elles vous d\u00e9posent\u00a0 sur la cit\u00e9 de votre choix, ou vous feront faire le tour tranquillement en un peu plus d&rsquo;une demi-heure pour une somme raisonnable de 8 \u20ac par personne. Elles se positionnent \u00e0 proximit\u00e9 de l&#8217;embarcad\u00e8re du ferry.<\/p>\n<p style=\"text-align: justify;\">Ca para\u00eet un peu d\u00e9suet ,mais terriblement romantique, efficace et finalement tr\u00e8s pratique\u2026 c&rsquo;est notre bon plan de La Valette!<\/p>\n<div id='gallery-3' class='gallery galleryid-294 gallery-columns-3 gallery-size-medium'><figure class='gallery-item'>\n\t\t\t<div class='gallery-icon landscape'>\n\t\t\t\t<a href='https:\/\/travelwithlaurenceandco.fr\/index.php\/2020\/03\/03\/road-trip-malte-gozo\/les-gondoles-de-la-valette-a-malte\/'><img decoding=\"async\" width=\"300\" height=\"169\" data-src=\"https:\/\/i0.wp.com\/travelwithlaurenceandco.fr\/wp-content\/uploads\/2020\/02\/les-gondoles-de-La-valette-%C3%A0-Malte.png?fit=300%2C169&amp;ssl=1\" class=\"attachment-medium size-medium lazyload\" alt=\"\" src=\"data:image\/svg+xml;base64,PHN2ZyB3aWR0aD0iMSIgaGVpZ2h0PSIxIiB4bWxucz0iaHR0cDovL3d3dy53My5vcmcvMjAwMC9zdmciPjwvc3ZnPg==\" style=\"--smush-placeholder-width: 300px; --smush-placeholder-aspect-ratio: 300\/169;\" \/><\/a>\n\t\t\t<\/div><\/figure><figure class='gallery-item'>\n\t\t\t<div class='gallery-icon landscape'>\n\t\t\t\t<a href='https:\/\/travelwithlaurenceandco.fr\/index.php\/2020\/03\/03\/road-trip-malte-gozo\/upper-barrakka-gardens-la-valette\/'><img decoding=\"async\" width=\"300\" height=\"225\" data-src=\"https:\/\/i0.wp.com\/travelwithlaurenceandco.fr\/wp-content\/uploads\/2020\/02\/Upper-Barrakka-Gardens-La-valette-.jpeg?fit=300%2C225&amp;ssl=1\" class=\"attachment-medium size-medium lazyload\" alt=\"\" data-srcset=\"https:\/\/i0.wp.com\/travelwithlaurenceandco.fr\/wp-content\/uploads\/2020\/02\/Upper-Barrakka-Gardens-La-valette-.jpeg?w=640&amp;ssl=1 640w, https:\/\/i0.wp.com\/travelwithlaurenceandco.fr\/wp-content\/uploads\/2020\/02\/Upper-Barrakka-Gardens-La-valette-.jpeg?resize=300%2C225&amp;ssl=1 300w\" data-sizes=\"(max-width: 300px) 100vw, 300px\" src=\"data:image\/svg+xml;base64,PHN2ZyB3aWR0aD0iMSIgaGVpZ2h0PSIxIiB4bWxucz0iaHR0cDovL3d3dy53My5vcmcvMjAwMC9zdmciPjwvc3ZnPg==\" style=\"--smush-placeholder-width: 300px; --smush-placeholder-aspect-ratio: 300\/225;\" \/><\/a>\n\t\t\t<\/div><\/figure><figure class='gallery-item'>\n\t\t\t<div class='gallery-icon landscape'>\n\t\t\t\t<a href='https:\/\/travelwithlaurenceandco.fr\/index.php\/2020\/03\/03\/road-trip-malte-gozo\/vue-de-la-valette-en-gondole\/'><img decoding=\"async\" width=\"300\" height=\"169\" data-src=\"https:\/\/i0.wp.com\/travelwithlaurenceandco.fr\/wp-content\/uploads\/2020\/02\/Vue-de-la-valette-en-gondole.png?fit=300%2C169&amp;ssl=1\" class=\"attachment-medium size-medium lazyload\" alt=\"\" data-srcset=\"https:\/\/i0.wp.com\/travelwithlaurenceandco.fr\/wp-content\/uploads\/2020\/02\/Vue-de-la-valette-en-gondole.png?w=853&amp;ssl=1 853w, https:\/\/i0.wp.com\/travelwithlaurenceandco.fr\/wp-content\/uploads\/2020\/02\/Vue-de-la-valette-en-gondole.png?resize=300%2C169&amp;ssl=1 300w, https:\/\/i0.wp.com\/travelwithlaurenceandco.fr\/wp-content\/uploads\/2020\/02\/Vue-de-la-valette-en-gondole.png?resize=768%2C432&amp;ssl=1 768w, https:\/\/i0.wp.com\/travelwithlaurenceandco.fr\/wp-content\/uploads\/2020\/02\/Vue-de-la-valette-en-gondole.png?resize=850%2C478&amp;ssl=1 850w\" data-sizes=\"(max-width: 300px) 100vw, 300px\" src=\"data:image\/svg+xml;base64,PHN2ZyB3aWR0aD0iMSIgaGVpZ2h0PSIxIiB4bWxucz0iaHR0cDovL3d3dy53My5vcmcvMjAwMC9zdmciPjwvc3ZnPg==\" style=\"--smush-placeholder-width: 300px; --smush-placeholder-aspect-ratio: 300\/169;\" \/><\/a>\n\t\t\t<\/div><\/figure>\n\t\t<\/div>\n\n<p style=\"text-align: justify;\">Nous avons aussi d\u00e9couvert un beau point de vue \u00e0 \u00ab\u00a0Upper Barraka gardens\u00a0\u00bb \u00a0\u00e0 notre retour des 3 cit\u00e9s ; en arrivant juste avant 16 heures nous avons pu assister au tir quotidien du canon h\u00e9rit\u00e9 d&rsquo;une vieille tradition Britannique&#8230;. ou de Mary Poppins&#8230; je ne sais plus !<\/p>\n<p style=\"text-align: justify;\">La cit\u00e9 de la se trouve sur un promontoire et le quadrillage des ruelles de la ville traverse de part en part. Seule la rue centrale (merchants\u00a0 Street) se trouve \u00e0 plat sans escalier.<img data-recalc-dims=\"1\" decoding=\"async\" class=\"aligncenter wp-image-398 size-full lazyload\" data-src=\"https:\/\/i0.wp.com\/travelwithlaurenceandco.fr\/wp-content\/uploads\/2020\/02\/vlcsnap-2020-02-29-15h58m37s148-.png?resize=640%2C360&#038;ssl=1\" alt=\"\" width=\"640\" height=\"360\" data-srcset=\"https:\/\/i0.wp.com\/travelwithlaurenceandco.fr\/wp-content\/uploads\/2020\/02\/vlcsnap-2020-02-29-15h58m37s148-.png?w=853&amp;ssl=1 853w, https:\/\/i0.wp.com\/travelwithlaurenceandco.fr\/wp-content\/uploads\/2020\/02\/vlcsnap-2020-02-29-15h58m37s148-.png?resize=300%2C169&amp;ssl=1 300w, https:\/\/i0.wp.com\/travelwithlaurenceandco.fr\/wp-content\/uploads\/2020\/02\/vlcsnap-2020-02-29-15h58m37s148-.png?resize=768%2C432&amp;ssl=1 768w, https:\/\/i0.wp.com\/travelwithlaurenceandco.fr\/wp-content\/uploads\/2020\/02\/vlcsnap-2020-02-29-15h58m37s148-.png?resize=850%2C478&amp;ssl=1 850w\" data-sizes=\"(max-width: 640px) 100vw, 640px\" src=\"data:image\/svg+xml;base64,PHN2ZyB3aWR0aD0iMSIgaGVpZ2h0PSIxIiB4bWxucz0iaHR0cDovL3d3dy53My5vcmcvMjAwMC9zdmciPjwvc3ZnPg==\" style=\"--smush-placeholder-width: 640px; --smush-placeholder-aspect-ratio: 640\/360;\" \/><\/p>\n<p style=\"text-align: justify;\">Il faut absolument visiter le monument incontournable de la valette : Saint John&rsquo;s co-cath\u00e9dral dont\u00a0 l&rsquo;entr\u00e9e se fait sur le c\u00f4t\u00e9 par Merchants street. (On l&rsquo;a cherch\u00e9e un moment)<\/p>\n<p>L&rsquo;int\u00e9rieur est somptueusement orn\u00e9 dans le style baroque. D&rsquo;extraordinaires d\u00e9corations ornent le sol : ce sont les pierres tombales des chevaliers de l&rsquo;ordre de Malte. Elles sont toutes en marbre Marquet\u00e9.<\/p>\n<div id='gallery-4' class='gallery galleryid-294 gallery-columns-3 gallery-size-medium'><figure class='gallery-item'>\n\t\t\t<div class='gallery-icon landscape'>\n\t\t\t\t<a href='https:\/\/travelwithlaurenceandco.fr\/index.php\/2020\/03\/03\/road-trip-malte-gozo\/saint-johns-co-cathedral-valetta\/'><img decoding=\"async\" width=\"300\" height=\"225\" data-src=\"https:\/\/i0.wp.com\/travelwithlaurenceandco.fr\/wp-content\/uploads\/2020\/02\/Saint-Johns-co-cath%C3%A9dral-Valetta-.jpeg?fit=300%2C225&amp;ssl=1\" class=\"attachment-medium size-medium lazyload\" alt=\"\" src=\"data:image\/svg+xml;base64,PHN2ZyB3aWR0aD0iMSIgaGVpZ2h0PSIxIiB4bWxucz0iaHR0cDovL3d3dy53My5vcmcvMjAwMC9zdmciPjwvc3ZnPg==\" style=\"--smush-placeholder-width: 300px; --smush-placeholder-aspect-ratio: 300\/225;\" \/><\/a>\n\t\t\t<\/div><\/figure><figure class='gallery-item'>\n\t\t\t<div class='gallery-icon portrait'>\n\t\t\t\t<a href='https:\/\/travelwithlaurenceandco.fr\/index.php\/2020\/03\/03\/road-trip-malte-gozo\/st-johns-co-cathedral-la-valette\/'><img decoding=\"async\" width=\"225\" height=\"300\" data-src=\"https:\/\/i0.wp.com\/travelwithlaurenceandco.fr\/wp-content\/uploads\/2020\/02\/St-Johns-Co-Cathedral-la-valette.jpeg?fit=225%2C300&amp;ssl=1\" class=\"attachment-medium size-medium lazyload\" alt=\"\" data-srcset=\"https:\/\/i0.wp.com\/travelwithlaurenceandco.fr\/wp-content\/uploads\/2020\/02\/St-Johns-Co-Cathedral-la-valette.jpeg?w=480&amp;ssl=1 480w, https:\/\/i0.wp.com\/travelwithlaurenceandco.fr\/wp-content\/uploads\/2020\/02\/St-Johns-Co-Cathedral-la-valette.jpeg?resize=225%2C300&amp;ssl=1 225w, https:\/\/i0.wp.com\/travelwithlaurenceandco.fr\/wp-content\/uploads\/2020\/02\/St-Johns-Co-Cathedral-la-valette.jpeg?resize=300%2C400&amp;ssl=1 300w\" data-sizes=\"(max-width: 225px) 100vw, 225px\" src=\"data:image\/svg+xml;base64,PHN2ZyB3aWR0aD0iMSIgaGVpZ2h0PSIxIiB4bWxucz0iaHR0cDovL3d3dy53My5vcmcvMjAwMC9zdmciPjwvc3ZnPg==\" style=\"--smush-placeholder-width: 225px; --smush-placeholder-aspect-ratio: 225\/300;\" \/><\/a>\n\t\t\t<\/div><\/figure><figure class='gallery-item'>\n\t\t\t<div class='gallery-icon landscape'>\n\t\t\t\t<a href='https:\/\/travelwithlaurenceandco.fr\/index.php\/2020\/03\/03\/road-trip-malte-gozo\/saint-johns-co-cathedral-la-valette\/'><img decoding=\"async\" width=\"300\" height=\"225\" data-src=\"https:\/\/i0.wp.com\/travelwithlaurenceandco.fr\/wp-content\/uploads\/2020\/02\/Saint-Johns-co-cath%C3%A9dral-La-valette-.jpeg?fit=300%2C225&amp;ssl=1\" class=\"attachment-medium size-medium lazyload\" alt=\"\" src=\"data:image\/svg+xml;base64,PHN2ZyB3aWR0aD0iMSIgaGVpZ2h0PSIxIiB4bWxucz0iaHR0cDovL3d3dy53My5vcmcvMjAwMC9zdmciPjwvc3ZnPg==\" style=\"--smush-placeholder-width: 300px; --smush-placeholder-aspect-ratio: 300\/225;\" \/><\/a>\n\t\t\t<\/div><\/figure>\n\t\t<\/div>\n\n<p>Une petite mention sp\u00e9ciale pour le mus\u00e9e de l&rsquo;armurerie situ\u00e9 au palais des grands ma\u00eetres&#8230; \u00c9tonnant!<\/p>\n<p><img data-recalc-dims=\"1\" decoding=\"async\" class=\"wp-image-397 size-full aligncenter lazyload\" data-src=\"https:\/\/i0.wp.com\/travelwithlaurenceandco.fr\/wp-content\/uploads\/2020\/02\/vlcsnap-2020-02-29-15h51m37s734-.png?resize=640%2C360&#038;ssl=1\" alt=\"\" width=\"640\" height=\"360\" data-wp-editing=\"1\" data-srcset=\"https:\/\/i0.wp.com\/travelwithlaurenceandco.fr\/wp-content\/uploads\/2020\/02\/vlcsnap-2020-02-29-15h51m37s734-.png?w=853&amp;ssl=1 853w, https:\/\/i0.wp.com\/travelwithlaurenceandco.fr\/wp-content\/uploads\/2020\/02\/vlcsnap-2020-02-29-15h51m37s734-.png?resize=300%2C169&amp;ssl=1 300w, https:\/\/i0.wp.com\/travelwithlaurenceandco.fr\/wp-content\/uploads\/2020\/02\/vlcsnap-2020-02-29-15h51m37s734-.png?resize=768%2C432&amp;ssl=1 768w, https:\/\/i0.wp.com\/travelwithlaurenceandco.fr\/wp-content\/uploads\/2020\/02\/vlcsnap-2020-02-29-15h51m37s734-.png?resize=850%2C478&amp;ssl=1 850w\" data-sizes=\"(max-width: 640px) 100vw, 640px\" src=\"data:image\/svg+xml;base64,PHN2ZyB3aWR0aD0iMSIgaGVpZ2h0PSIxIiB4bWxucz0iaHR0cDovL3d3dy53My5vcmcvMjAwMC9zdmciPjwvc3ZnPg==\" style=\"--smush-placeholder-width: 640px; --smush-placeholder-aspect-ratio: 640\/360;\" \/><\/p>\n<h3>Mdina:<\/h3>\n<p style=\"text-align: justify;\">Les routes de l&rsquo;\u00eele sont parfois un peu \u00e9troites et sinueuses . Malgr\u00e9 une tr\u00e8s bonne carte routi\u00e8re, \u00e7a a \u00e9t\u00e9 la gal\u00e8re partout! Les panneaux indicateurs sont : soit dans une autre langue que la carte, soit inexistants ou salis par la poussi\u00e8re. Nous avons fait l&rsquo;erreur de ne pas louer de voiture avec GPS.<\/p>\n<p style=\"text-align: justify;\">Malgr\u00e9 tout, nous avons visit\u00e9 \u00a0ensuite Mdina l&rsquo;ancienne capitale, qui m\u00e9rite un d\u00e9tour d&rsquo;une demi-journ\u00e9e pour le charme de ses ruelles pr\u00e9serv\u00e9es.<\/p>\n<h3>Marsaxlokk:<\/h3>\n<p style=\"text-align: justify;\">Marsaxlockk au sud-est de l&rsquo;\u00eele est un petit village de p\u00eacheurs r\u00e9put\u00e9 pour son march\u00e9 haut en couleurs du dimanche matin . On est imm\u00e9diatement replong\u00e9 dans les march\u00e9s traditionnels du Sud, m\u00eame si aujourd&rsquo;hui, le c\u00f4t\u00e9 touristique att\u00e9nue un peu son authenticit\u00e9 en forte p\u00e9riode touristique.<\/p>\n<div id='gallery-5' class='gallery galleryid-294 gallery-columns-3 gallery-size-medium'><figure class='gallery-item'>\n\t\t\t<div class='gallery-icon landscape'>\n\t\t\t\t<a href='https:\/\/travelwithlaurenceandco.fr\/index.php\/2020\/03\/03\/road-trip-malte-gozo\/marsaxlokk-malte\/'><img decoding=\"async\" width=\"300\" height=\"200\" data-src=\"https:\/\/i0.wp.com\/travelwithlaurenceandco.fr\/wp-content\/uploads\/2020\/02\/Marsaxlokk-Malte-.jpg?fit=300%2C200&amp;ssl=1\" class=\"attachment-medium size-medium lazyload\" alt=\"\" data-srcset=\"https:\/\/i0.wp.com\/travelwithlaurenceandco.fr\/wp-content\/uploads\/2020\/02\/Marsaxlokk-Malte-.jpg?w=719&amp;ssl=1 719w, https:\/\/i0.wp.com\/travelwithlaurenceandco.fr\/wp-content\/uploads\/2020\/02\/Marsaxlokk-Malte-.jpg?resize=300%2C200&amp;ssl=1 300w\" data-sizes=\"(max-width: 300px) 100vw, 300px\" src=\"data:image\/svg+xml;base64,PHN2ZyB3aWR0aD0iMSIgaGVpZ2h0PSIxIiB4bWxucz0iaHR0cDovL3d3dy53My5vcmcvMjAwMC9zdmciPjwvc3ZnPg==\" style=\"--smush-placeholder-width: 300px; --smush-placeholder-aspect-ratio: 300\/200;\" \/><\/a>\n\t\t\t<\/div><\/figure><figure class='gallery-item'>\n\t\t\t<div class='gallery-icon landscape'>\n\t\t\t\t<a href='https:\/\/travelwithlaurenceandco.fr\/index.php\/2020\/03\/03\/road-trip-malte-gozo\/marsaxlookk-marche-anime-malte\/'><img decoding=\"async\" width=\"300\" height=\"169\" data-src=\"https:\/\/i0.wp.com\/travelwithlaurenceandco.fr\/wp-content\/uploads\/2020\/02\/marsaxlookk-march%C3%A9-anim%C3%A9-malte-.png?fit=300%2C169&amp;ssl=1\" class=\"attachment-medium size-medium lazyload\" alt=\"\" src=\"data:image\/svg+xml;base64,PHN2ZyB3aWR0aD0iMSIgaGVpZ2h0PSIxIiB4bWxucz0iaHR0cDovL3d3dy53My5vcmcvMjAwMC9zdmciPjwvc3ZnPg==\" style=\"--smush-placeholder-width: 300px; --smush-placeholder-aspect-ratio: 300\/169;\" \/><\/a>\n\t\t\t<\/div><\/figure><figure class='gallery-item'>\n\t\t\t<div class='gallery-icon landscape'>\n\t\t\t\t<a href='https:\/\/travelwithlaurenceandco.fr\/index.php\/2020\/03\/03\/road-trip-malte-gozo\/marsaxlokk-malta\/'><img decoding=\"async\" width=\"300\" height=\"169\" data-src=\"https:\/\/i0.wp.com\/travelwithlaurenceandco.fr\/wp-content\/uploads\/2020\/02\/Marsaxlokk-Malta-.png?fit=300%2C169&amp;ssl=1\" class=\"attachment-medium size-medium lazyload\" alt=\"\" data-srcset=\"https:\/\/i0.wp.com\/travelwithlaurenceandco.fr\/wp-content\/uploads\/2020\/02\/Marsaxlokk-Malta-.png?w=853&amp;ssl=1 853w, https:\/\/i0.wp.com\/travelwithlaurenceandco.fr\/wp-content\/uploads\/2020\/02\/Marsaxlokk-Malta-.png?resize=300%2C169&amp;ssl=1 300w, https:\/\/i0.wp.com\/travelwithlaurenceandco.fr\/wp-content\/uploads\/2020\/02\/Marsaxlokk-Malta-.png?resize=768%2C432&amp;ssl=1 768w, https:\/\/i0.wp.com\/travelwithlaurenceandco.fr\/wp-content\/uploads\/2020\/02\/Marsaxlokk-Malta-.png?resize=850%2C478&amp;ssl=1 850w\" data-sizes=\"(max-width: 300px) 100vw, 300px\" src=\"data:image\/svg+xml;base64,PHN2ZyB3aWR0aD0iMSIgaGVpZ2h0PSIxIiB4bWxucz0iaHR0cDovL3d3dy53My5vcmcvMjAwMC9zdmciPjwvc3ZnPg==\" style=\"--smush-placeholder-width: 300px; --smush-placeholder-aspect-ratio: 300\/169;\" \/><\/a>\n\t\t\t<\/div><\/figure>\n\t\t<\/div>\n\n<p style=\"text-align: justify;\">Voici Popeye village tout au nord de l&rsquo;\u00eele,c\u00e9l\u00e8bre pour le film qui y a \u00e9t\u00e9 r\u00e9cemment tourn\u00e9 . Les d\u00e9cors ont \u00e9t\u00e9 gard\u00e9s pour en faire une attraction touristique\u2026<\/p>\n<p><img data-recalc-dims=\"1\" decoding=\"async\" class=\"aligncenter wp-image-387 size-full lazyload\" data-src=\"https:\/\/i0.wp.com\/travelwithlaurenceandco.fr\/wp-content\/uploads\/2020\/02\/popeye-village-malte-.jpg?resize=640%2C392&#038;ssl=1\" alt=\"\" width=\"640\" height=\"392\" data-srcset=\"https:\/\/i0.wp.com\/travelwithlaurenceandco.fr\/wp-content\/uploads\/2020\/02\/popeye-village-malte-.jpg?w=783&amp;ssl=1 783w, https:\/\/i0.wp.com\/travelwithlaurenceandco.fr\/wp-content\/uploads\/2020\/02\/popeye-village-malte-.jpg?resize=300%2C184&amp;ssl=1 300w, https:\/\/i0.wp.com\/travelwithlaurenceandco.fr\/wp-content\/uploads\/2020\/02\/popeye-village-malte-.jpg?resize=768%2C471&amp;ssl=1 768w\" data-sizes=\"(max-width: 640px) 100vw, 640px\" src=\"data:image\/svg+xml;base64,PHN2ZyB3aWR0aD0iMSIgaGVpZ2h0PSIxIiB4bWxucz0iaHR0cDovL3d3dy53My5vcmcvMjAwMC9zdmciPjwvc3ZnPg==\" style=\"--smush-placeholder-width: 640px; --smush-placeholder-aspect-ratio: 640\/392;\" \/><\/p>\n<h3>La blue Grotto:<\/h3>\n<p style=\"text-align: justify;\">Le s\u00e9jour n&rsquo;aurait pas \u00e9t\u00e9 complet sans la visite de la Blue grotto au sud de l&rsquo;\u00eele. C&rsquo;est vraiment un endroit exceptionnel bien que tr\u00e8s touristique avec un ensemble de grottes et d&rsquo;arches \u00e0 ne pas rater si vous venez \u00e0 Malte\u2026<\/p>\n<div id='gallery-6' class='gallery galleryid-294 gallery-columns-3 gallery-size-medium'><figure class='gallery-item'>\n\t\t\t<div class='gallery-icon landscape'>\n\t\t\t\t<a href='https:\/\/travelwithlaurenceandco.fr\/index.php\/2020\/03\/03\/road-trip-malte-gozo\/blue-grotto-malta\/'><img decoding=\"async\" width=\"300\" height=\"169\" data-src=\"https:\/\/i0.wp.com\/travelwithlaurenceandco.fr\/wp-content\/uploads\/2020\/02\/blue-grotto-malta-.png?fit=300%2C169&amp;ssl=1\" class=\"attachment-medium size-medium lazyload\" alt=\"\" data-srcset=\"https:\/\/i0.wp.com\/travelwithlaurenceandco.fr\/wp-content\/uploads\/2020\/02\/blue-grotto-malta-.png?w=853&amp;ssl=1 853w, https:\/\/i0.wp.com\/travelwithlaurenceandco.fr\/wp-content\/uploads\/2020\/02\/blue-grotto-malta-.png?resize=300%2C169&amp;ssl=1 300w, https:\/\/i0.wp.com\/travelwithlaurenceandco.fr\/wp-content\/uploads\/2020\/02\/blue-grotto-malta-.png?resize=768%2C432&amp;ssl=1 768w, https:\/\/i0.wp.com\/travelwithlaurenceandco.fr\/wp-content\/uploads\/2020\/02\/blue-grotto-malta-.png?resize=850%2C478&amp;ssl=1 850w\" data-sizes=\"(max-width: 300px) 100vw, 300px\" src=\"data:image\/svg+xml;base64,PHN2ZyB3aWR0aD0iMSIgaGVpZ2h0PSIxIiB4bWxucz0iaHR0cDovL3d3dy53My5vcmcvMjAwMC9zdmciPjwvc3ZnPg==\" style=\"--smush-placeholder-width: 300px; --smush-placeholder-aspect-ratio: 300\/169;\" \/><\/a>\n\t\t\t<\/div><\/figure><figure class='gallery-item'>\n\t\t\t<div class='gallery-icon landscape'>\n\t\t\t\t<a href='https:\/\/travelwithlaurenceandco.fr\/index.php\/2020\/03\/03\/road-trip-malte-gozo\/blue-grotto-malte-2\/'><img decoding=\"async\" width=\"300\" height=\"169\" data-src=\"https:\/\/i0.wp.com\/travelwithlaurenceandco.fr\/wp-content\/uploads\/2020\/02\/Blue-Grotto-Malte-1-1.png?fit=300%2C169&amp;ssl=1\" class=\"attachment-medium size-medium lazyload\" alt=\"\" data-srcset=\"https:\/\/i0.wp.com\/travelwithlaurenceandco.fr\/wp-content\/uploads\/2020\/02\/Blue-Grotto-Malte-1-1.png?w=853&amp;ssl=1 853w, https:\/\/i0.wp.com\/travelwithlaurenceandco.fr\/wp-content\/uploads\/2020\/02\/Blue-Grotto-Malte-1-1.png?resize=300%2C169&amp;ssl=1 300w, https:\/\/i0.wp.com\/travelwithlaurenceandco.fr\/wp-content\/uploads\/2020\/02\/Blue-Grotto-Malte-1-1.png?resize=768%2C432&amp;ssl=1 768w, https:\/\/i0.wp.com\/travelwithlaurenceandco.fr\/wp-content\/uploads\/2020\/02\/Blue-Grotto-Malte-1-1.png?resize=850%2C478&amp;ssl=1 850w\" data-sizes=\"(max-width: 300px) 100vw, 300px\" src=\"data:image\/svg+xml;base64,PHN2ZyB3aWR0aD0iMSIgaGVpZ2h0PSIxIiB4bWxucz0iaHR0cDovL3d3dy53My5vcmcvMjAwMC9zdmciPjwvc3ZnPg==\" style=\"--smush-placeholder-width: 300px; --smush-placeholder-aspect-ratio: 300\/169;\" \/><\/a>\n\t\t\t<\/div><\/figure><figure class='gallery-item'>\n\t\t\t<div class='gallery-icon landscape'>\n\t\t\t\t<a href='https:\/\/travelwithlaurenceandco.fr\/index.php\/2020\/03\/03\/road-trip-malte-gozo\/blue-grotto-malte\/'><img decoding=\"async\" width=\"300\" height=\"169\" data-src=\"https:\/\/i0.wp.com\/travelwithlaurenceandco.fr\/wp-content\/uploads\/2020\/02\/Blue-grotto-Malte-.png?fit=300%2C169&amp;ssl=1\" class=\"attachment-medium size-medium lazyload\" alt=\"\" data-srcset=\"https:\/\/i0.wp.com\/travelwithlaurenceandco.fr\/wp-content\/uploads\/2020\/02\/Blue-grotto-Malte-.png?w=853&amp;ssl=1 853w, https:\/\/i0.wp.com\/travelwithlaurenceandco.fr\/wp-content\/uploads\/2020\/02\/Blue-grotto-Malte-.png?resize=300%2C169&amp;ssl=1 300w, https:\/\/i0.wp.com\/travelwithlaurenceandco.fr\/wp-content\/uploads\/2020\/02\/Blue-grotto-Malte-.png?resize=768%2C432&amp;ssl=1 768w, https:\/\/i0.wp.com\/travelwithlaurenceandco.fr\/wp-content\/uploads\/2020\/02\/Blue-grotto-Malte-.png?resize=850%2C478&amp;ssl=1 850w\" data-sizes=\"(max-width: 300px) 100vw, 300px\" src=\"data:image\/svg+xml;base64,PHN2ZyB3aWR0aD0iMSIgaGVpZ2h0PSIxIiB4bWxucz0iaHR0cDovL3d3dy53My5vcmcvMjAwMC9zdmciPjwvc3ZnPg==\" style=\"--smush-placeholder-width: 300px; --smush-placeholder-aspect-ratio: 300\/169;\" \/><\/a>\n\t\t\t<\/div><\/figure>\n\t\t<\/div>\n\n<p style=\"text-align: justify;\">Le bon conseil c&rsquo;est de venir t\u00f4t le matin avant 10 heures avant la foule. De plus vous aurez la meilleure luminosit\u00e9, et une eau turquoise pour faire vos photos car le vent ne sera pas encore lev\u00e9\u2026<\/p>\n<p style=\"text-align: justify;\">Malte : une \u00eele d\u00e9couvrir en famille entre amis, ou en amoureux avec une nette pr\u00e9f\u00e9rence pour Gozo sa petite s\u0153ur souvent n\u00e9glig\u00e9e !<\/p>\n<p>Ne manquez pas <strong><a href=\"https:\/\/travelwithlaurenceandco.fr\/index.php\/2020\/10\/31\/croisieurope-mv-belle-des-oceans-le-tour-de-corse\/\">notre voyage en corse avec la belle des oc\u00e9ans ici<\/a><\/strong><\/p>\n<blockquote class=\"instagram-media\" style=\"background: #FFF; border: 0; border-radius: 3px; box-shadow: 0 0 1px 0 rgba(0,0,0,0.5),0 1px 10px 0 rgba(0,0,0,0.15); margin: 1px; max-width: 540px; min-width: 326px; padding: 0; width: calc(100% - 2px);\" data-instgrm-captioned=\"\" data-instgrm-permalink=\"https:\/\/www.instagram.com\/p\/B4fDxz7nJvX\/?utm_source=ig_embed&amp;utm_campaign=loading\" data-instgrm-version=\"12\">\n<div style=\"padding: 16px;\">\n<p>&nbsp;<\/p>\n<div style=\"display: flex; flex-direction: row; align-items: center;\">\n<div style=\"background-color: #f4f4f4; border-radius: 50%; flex-grow: 0; height: 40px; margin-right: 14px; width: 40px;\"><\/div>\n<div style=\"display: flex; flex-direction: column; flex-grow: 1; justify-content: center;\">\n<div style=\"background-color: #f4f4f4; border-radius: 4px; flex-grow: 0; height: 14px; margin-bottom: 6px; width: 100px;\"><\/div>\n<div style=\"background-color: #f4f4f4; border-radius: 4px; flex-grow: 0; height: 14px; width: 60px;\"><\/div>\n<\/div>\n<\/div>\n<div style=\"padding: 19% 0;\"><\/div>\n<div style=\"display: block; height: 50px; margin: 0 auto 12px; width: 50px;\"><\/div>\n<div style=\"padding-top: 8px;\">\n<div style=\"color: #3897f0; font-family: Arial,sans-serif; font-size: 14px; font-style: normal; font-weight: 550; line-height: 18px;\">Voir cette publication sur Instagram<\/div>\n<\/div>\n<div style=\"padding: 12.5% 0;\"><\/div>\n<div style=\"display: flex; flex-direction: row; margin-bottom: 14px; align-items: center;\">\n<div>\n<div style=\"background-color: #f4f4f4; border-radius: 50%; height: 12.5px; width: 12.5px; transform: translateX(0px) translateY(7px);\"><\/div>\n<div style=\"background-color: #f4f4f4; height: 12.5px; transform: rotate(-45deg) translateX(3px) translateY(1px); width: 12.5px; flex-grow: 0; margin-right: 14px; margin-left: 2px;\"><\/div>\n<div style=\"background-color: #f4f4f4; border-radius: 50%; height: 12.5px; width: 12.5px; transform: translateX(9px) translateY(-18px);\"><\/div>\n<\/div>\n<div style=\"margin-left: 8px;\">\n<div style=\"background-color: #f4f4f4; border-radius: 50%; flex-grow: 0; height: 20px; width: 20px;\"><\/div>\n<div style=\"width: 0; height: 0; border-top: 2px solid transparent; border-left: 6px solid #f4f4f4; border-bottom: 2px solid transparent; transform: translateX(16px) translateY(-4px) rotate(30deg);\"><\/div>\n<\/div>\n<div style=\"margin-left: auto;\">\n<div style=\"width: 0px; border-top: 8px solid #F4F4F4; border-right: 8px solid transparent; transform: translateY(16px);\"><\/div>\n<div style=\"background-color: #f4f4f4; flex-grow: 0; height: 12px; width: 16px; transform: translateY(-4px);\"><\/div>\n<div style=\"width: 0; height: 0; border-top: 8px solid #F4F4F4; border-left: 8px solid transparent; transform: translateY(-4px) translateX(8px);\"><\/div>\n<\/div>\n<\/div>\n<p>&nbsp;<\/p>\n<p style=\"margin: 8px 0 0 0; padding: 0 4px;\"><a style=\"color: #000; font-family: Arial,sans-serif; font-size: 14px; font-style: normal; font-weight: normal; line-height: 17px; text-decoration: none; word-wrap: break-word;\" href=\"https:\/\/www.instagram.com\/p\/B4fDxz7nJvX\/?utm_source=ig_embed&amp;utm_campaign=loading\" target=\"_blank\" rel=\"noopener noreferrer\">#malte #malta #maltaphotography #beautifulmalta #maltagozo #valettamalta #visitmalte #maltevideos #visitemalte #travelphotography #travel #travelblogger #traveladdict #traveltheworld #travelgram #parisienne #travelmalta #maltatoday<\/a><\/p>\n<p style=\"color: #c9c8cd; font-family: Arial,sans-serif; font-size: 14px; line-height: 17px; margin-bottom: 0; margin-top: 8px; overflow: hidden; padding: 8px 0 7px; text-align: center; text-overflow: ellipsis; white-space: nowrap;\">Une publication partag\u00e9e par <a style=\"color: #c9c8cd; font-family: Arial,sans-serif; font-size: 14px; font-style: normal; font-weight: normal; line-height: 17px;\" href=\"https:\/\/www.instagram.com\/travelwithlaurenceandco\/?utm_source=ig_embed&amp;utm_campaign=loading\" target=\"_blank\" rel=\"noopener noreferrer\"> Travel With Laurence And Co<\/a> (@travelwithlaurenceandco) le <time style=\"font-family: Arial,sans-serif; font-size: 14px; line-height: 17px;\" datetime=\"2019-11-05T13:23:47+00:00\">5 Nov. 2019 \u00e0 5 :23 PST<\/time><\/p>\n<\/div>\n<\/blockquote>\n<p><script async=\"\" src=\"\/\/www.instagram.com\/embed.js\"><\/script><\/p>\n","protected":false},"excerpt":{"rendered":"<p>7 jours \u00e0 Malte : Dans ce road trip vlog : notre voyage de 7 jours \u00e0 Malte avec bons plans et astuces .Nous avons visit\u00e9 Malte et Gozo pendant l&rsquo;automne, qui semble \u00eatre la meilleure p\u00e9riode pour se baigner : 27\u00b0 dans l&rsquo;eau et dehors\u00a0 mais aussi les rencontres qui nous ont le plus&#8230;<\/p>\n","protected":false},"author":2,"featured_media":383,"comment_status":"open","ping_status":"open","sticky":false,"template":"","format":"standard","meta":{"jetpack_post_was_ever_published":false,"_jetpack_newsletter_access":"","_jetpack_dont_email_post_to_subs":false,"_jetpack_newsletter_tier_id":0,"_jetpack_memberships_contains_paywalled_content":false,"_jetpack_memberships_contains_paid_content":false,"footnotes":""},"categories":[4,7],"tags":[],"class_list":["post-294","post","type-post","status-publish","format-standard","has-post-thumbnail","hentry","category-astuces","category-europe"],"aioseo_notices":[],"jetpack_featured_media_url":"https:\/\/i0.wp.com\/travelwithlaurenceandco.fr\/wp-content\/uploads\/2020\/02\/Marsaxlokk-Malte-.jpg?fit=719%2C480&ssl=1","jetpack_shortlink":"https:\/\/wp.me\/pbFSgt-4K","jetpack-related-posts":[],"jetpack_sharing_enabled":true,"_links":{"self":[{"href":"https:\/\/travelwithlaurenceandco.fr\/index.php\/wp-json\/wp\/v2\/posts\/294","targetHints":{"allow":["GET"]}}],"collection":[{"href":"https:\/\/travelwithlaurenceandco.fr\/index.php\/wp-json\/wp\/v2\/posts"}],"about":[{"href":"https:\/\/travelwithlaurenceandco.fr\/index.php\/wp-json\/wp\/v2\/types\/post"}],"author":[{"embeddable":true,"href":"https:\/\/travelwithlaurenceandco.fr\/index.php\/wp-json\/wp\/v2\/users\/2"}],"replies":[{"embeddable":true,"href":"https:\/\/travelwithlaurenceandco.fr\/index.php\/wp-json\/wp\/v2\/comments?post=294"}],"version-history":[{"count":8,"href":"https:\/\/travelwithlaurenceandco.fr\/index.php\/wp-json\/wp\/v2\/posts\/294\/revisions"}],"predecessor-version":[{"id":1036,"href":"https:\/\/travelwithlaurenceandco.fr\/index.php\/wp-json\/wp\/v2\/posts\/294\/revisions\/1036"}],"wp:featuredmedia":[{"embeddable":true,"href":"https:\/\/travelwithlaurenceandco.fr\/index.php\/wp-json\/wp\/v2\/media\/383"}],"wp:attachment":[{"href":"https:\/\/travelwithlaurenceandco.fr\/index.php\/wp-json\/wp\/v2\/media?parent=294"}],"wp:term":[{"taxonomy":"category","embeddable":true,"href":"https:\/\/travelwithlaurenceandco.fr\/index.php\/wp-json\/wp\/v2\/categories?post=294"},{"taxonomy":"post_tag","embeddable":true,"href":"https:\/\/travelwithlaurenceandco.fr\/index.php\/wp-json\/wp\/v2\/tags?post=294"}],"curies":[{"name":"wp","href":"https:\/\/api.w.org\/{rel}","templated":true}]}}