{"id":29,"date":"2020-02-21T16:36:50","date_gmt":"2020-02-21T15:36:50","guid":{"rendered":"http:\/\/travelwithlaurenceandco.fr\/?p=29"},"modified":"2022-11-18T16:06:39","modified_gmt":"2022-11-18T15:06:39","slug":"paris-musee-albert-kahn","status":"publish","type":"post","link":"https:\/\/travelwithlaurenceandco.fr\/index.php\/2020\/02\/21\/paris-musee-albert-kahn\/","title":{"rendered":"Paris &#8211; Mus\u00e9e Albert-Kahn"},"content":{"rendered":"\r\n<p class=\"has-text-align-justify\" style=\"text-align: justify;\">Ce mus\u00e9e \u00e9tait ferm\u00e9 ces derni\u00e8res ann\u00e9es car en r\u00e9novation mais les portes de son jardin ont pu r\u00e9-ouvrir durant la f\u00eate du patrimoine en septembre 2019. Si vous passez par Paris surtout aux p\u00e9riodes du printemps ou de l&rsquo;automne et que vous souhaitez voir quelque chose de pas commun, je vous conseille ce jardin priv\u00e9 on y trouve un jardin \u00e0 la fran\u00e7aise, \u00e0 l&rsquo;anglaise, un jardin japonais ainsi qu&rsquo;une sc\u00e8ne vosgienne.<\/p>\r\n<h1>Avis<\/h1>\r\n<p style=\"text-align: justify;\">\r\n\r\n<\/p>\r\n<p class=\"has-text-align-justify\" style=\"text-align: justify;\">J&rsquo;aime beaucoup la culture japonaise et tout qui s&rsquo;y rapporte, et dans ce jardin vous pourrez avoir l&rsquo;occasion de voir un jardin japonais ce qui est assez rare dans le coin. Pendant la p\u00e9riode du printemps vous pourrez avoir la chance de voir les cerisiers en fleurs dans un d\u00e9cor tr\u00e8s typique avec des petites maisons \u00e0 c\u00e9r\u00e9monies du th\u00e9 ou encore en pendant une pause au bord du petit \u00e9tang rempli de carpes ou en profitant de la vue du pont rouge. L&rsquo;automne est un peu moins connu mais tout aussi beau avec les feuilles d\u2019\u00e9rables japonais qui se colorent de teintes chaudes apr\u00e8s l&rsquo;\u00e9t\u00e9.<\/p>\r\n<p><img data-recalc-dims=\"1\" decoding=\"async\" class=\"size-medium wp-image-117 aligncenter lazyload\" data-src=\"https:\/\/i0.wp.com\/travelwithlaurenceandco.fr\/wp-content\/uploads\/2020\/02\/IMG_3537.jpg?resize=300%2C225&#038;ssl=1\" alt=\"\" width=\"300\" height=\"225\" data-srcset=\"https:\/\/i0.wp.com\/travelwithlaurenceandco.fr\/wp-content\/uploads\/2020\/02\/IMG_3537-scaled.jpg?resize=300%2C225&amp;ssl=1 300w, https:\/\/i0.wp.com\/travelwithlaurenceandco.fr\/wp-content\/uploads\/2020\/02\/IMG_3537-scaled.jpg?resize=1024%2C768&amp;ssl=1 1024w, https:\/\/i0.wp.com\/travelwithlaurenceandco.fr\/wp-content\/uploads\/2020\/02\/IMG_3537-scaled.jpg?resize=768%2C576&amp;ssl=1 768w, https:\/\/i0.wp.com\/travelwithlaurenceandco.fr\/wp-content\/uploads\/2020\/02\/IMG_3537-scaled.jpg?resize=1536%2C1152&amp;ssl=1 1536w, https:\/\/i0.wp.com\/travelwithlaurenceandco.fr\/wp-content\/uploads\/2020\/02\/IMG_3537-scaled.jpg?resize=2048%2C1536&amp;ssl=1 2048w, https:\/\/i0.wp.com\/travelwithlaurenceandco.fr\/wp-content\/uploads\/2020\/02\/IMG_3537-scaled.jpg?resize=850%2C638&amp;ssl=1 850w, https:\/\/i0.wp.com\/travelwithlaurenceandco.fr\/wp-content\/uploads\/2020\/02\/IMG_3537-scaled.jpg?w=1280&amp;ssl=1 1280w, https:\/\/i0.wp.com\/travelwithlaurenceandco.fr\/wp-content\/uploads\/2020\/02\/IMG_3537-scaled.jpg?w=1920&amp;ssl=1 1920w\" data-sizes=\"(max-width: 300px) 100vw, 300px\" src=\"data:image\/svg+xml;base64,PHN2ZyB3aWR0aD0iMSIgaGVpZ2h0PSIxIiB4bWxucz0iaHR0cDovL3d3dy53My5vcmcvMjAwMC9zdmciPjwvc3ZnPg==\" style=\"--smush-placeholder-width: 300px; --smush-placeholder-aspect-ratio: 300\/225;\" \/><\/p>\r\n<p class=\"has-text-align-justify\" style=\"text-align: justify;\">Le mus\u00e9e \u00e9tait ferm\u00e9 ces derni\u00e8res ann\u00e9es car en r\u00e9novation mais les portes de son jardin ont pu r\u00e9-ouvrir durant la f\u00eate du patrimoine en septembre 2019. Si vous passez par Paris surtout aux p\u00e9riodes du printemps ou de l\u2019automne et que vous souhaitez voir quelque chose de pas commun, je vous conseille ce jardin priv\u00e9 on y trouve un jardin \u00e0 la fran\u00e7aise, \u00e0 l\u2019anglaise, un jardin japonais ainsi qu\u2019une sc\u00e8ne vosgienne.<\/p>\r\n<p class=\"has-text-align-justify\" style=\"text-align: justify;\">J\u2019aime beaucoup la culture japonaise et tout qui s\u2019y rapporte, et dans ce jardin vous pourrez avoir l\u2019occasion de voir un jardin japonais ce qui est assez rare dans le coin. Pendant la p\u00e9riode du printemps vous pourrez avoir la chance de voir les cerisiers en fleurs dans un d\u00e9cor tr\u00e8s typique avec des petites maisons \u00e0 c\u00e9r\u00e9monies du th\u00e9 ou encore en pendant une pause au bord du petit \u00e9tang rempli de carpes ou en profitant de la vue du pont rouge. L\u2019automne est un peu moins connu mais tout aussi beau avec les feuilles d\u2019\u00e9rables japonais qui se colorent de teintes chaudes apr\u00e8s l\u2019\u00e9t\u00e9.<\/p>\r\n<h1>Informations<\/h1>\r\n<p>Le prix de l\u2019entr\u00e9e est de 4\u20ac en plein tarif, 3\u20ac en tarif r\u00e9duit, et gratuit pour les moins de 18 ans.<\/p>\r\n<p>Adresse\u00a0:\u00a0<strong>Mus\u00e9e d\u00e9partemental Albert-Kahn<\/strong>\u00a0\u2013 1 rue des Abondances\u00a0 92100 Boulogne-Billancourt<\/p>\r\n<p><em>Plus d\u2019informations et horaires d\u2019ouvertures sur le\u00a0<a href=\"http:\/\/albert-kahn.hauts-de-seine.fr\/\" target=\"_blank\" rel=\"noreferrer noopener\" aria-label=\"site du mus\u00e9e (ouverture dans un nouvel onglet)\">site du mus\u00e9e<\/a><\/em>.<\/p>\r\n<blockquote class=\"instagram-media\" style=\"background: #FFF; border: 0; border-radius: 3px; box-shadow: 0 0 1px 0 rgba(0,0,0,0.5),0 1px 10px 0 rgba(0,0,0,0.15); margin: 1px; max-width: 540px; min-width: 326px; padding: 0; width: calc(100% - 2px);\" data-instgrm-captioned=\"\" data-instgrm-permalink=\"https:\/\/www.instagram.com\/p\/B37F31JCKME\/?utm_source=ig_embed&amp;utm_campaign=loading\" data-instgrm-version=\"12\">\r\n<div style=\"padding: 16px;\">\r\n<div style=\"display: flex; flex-direction: row; align-items: center;\">\r\n<div style=\"background-color: #f4f4f4; border-radius: 50%; flex-grow: 0; height: 40px; margin-right: 14px; width: 40px;\">\u00a0<\/div>\r\n<div style=\"display: flex; flex-direction: column; flex-grow: 1; justify-content: center;\">\r\n<div style=\"background-color: #f4f4f4; border-radius: 4px; flex-grow: 0; height: 14px; margin-bottom: 6px; width: 100px;\">\u00a0<\/div>\r\n<div style=\"background-color: #f4f4f4; border-radius: 4px; flex-grow: 0; height: 14px; width: 60px;\">\u00a0<\/div>\r\n<\/div>\r\n<\/div>\r\n<div style=\"padding: 19% 0;\">\u00a0<\/div>\r\n<div style=\"display: block; height: 50px; margin: 0 auto 12px; width: 50px;\">\u00a0<\/div>\r\n<div style=\"padding-top: 8px;\">\r\n<div style=\"color: #3897f0; font-family: Arial,sans-serif; font-size: 14px; font-style: normal; font-weight: 550; line-height: 18px;\">Voir cette publication sur Instagram<\/div>\r\n<\/div>\r\n<div style=\"padding: 12.5% 0;\">\u00a0<\/div>\r\n<div style=\"display: flex; flex-direction: row; margin-bottom: 14px; align-items: center;\">\r\n<div>\r\n<div style=\"background-color: #f4f4f4; border-radius: 50%; height: 12.5px; width: 12.5px; transform: translateX(0px) translateY(7px);\">\u00a0<\/div>\r\n<div style=\"background-color: #f4f4f4; height: 12.5px; transform: rotate(-45deg) translateX(3px) translateY(1px); width: 12.5px; flex-grow: 0; margin-right: 14px; margin-left: 2px;\">\u00a0<\/div>\r\n<div style=\"background-color: #f4f4f4; border-radius: 50%; height: 12.5px; width: 12.5px; transform: translateX(9px) translateY(-18px);\">\u00a0<\/div>\r\n<\/div>\r\n<div style=\"margin-left: 8px;\">\r\n<div style=\"background-color: #f4f4f4; border-radius: 50%; flex-grow: 0; height: 20px; width: 20px;\">\u00a0<\/div>\r\n<div style=\"width: 0; height: 0; border-top: 2px solid transparent; border-left: 6px solid #f4f4f4; border-bottom: 2px solid transparent; transform: translateX(16px) translateY(-4px) rotate(30deg);\">\u00a0<\/div>\r\n<\/div>\r\n<div style=\"margin-left: auto;\">\r\n<div style=\"width: 0px; border-top: 8px solid #F4F4F4; border-right: 8px solid transparent; transform: translateY(16px);\">\u00a0<\/div>\r\n<div style=\"background-color: #f4f4f4; flex-grow: 0; height: 12px; width: 16px; transform: translateY(-4px);\">\u00a0<\/div>\r\n<div style=\"width: 0; height: 0; border-top: 8px solid #F4F4F4; border-left: 8px solid transparent; transform: translateY(-4px) translateX(8px);\">\u00a0<\/div>\r\n<\/div>\r\n<\/div>\r\n<p style=\"margin: 8px 0 0 0; padding: 0 4px;\"><a style=\"color: #000; font-family: Arial,sans-serif; font-size: 14px; font-style: normal; font-weight: normal; line-height: 17px; text-decoration: none; word-wrap: break-word;\" href=\"https:\/\/www.instagram.com\/p\/B37F31JCKME\/?utm_source=ig_embed&amp;utm_campaign=loading\" target=\"_blank\" rel=\"noopener noreferrer\">Japan garden near Paris &#8211; \u00c0 lovely place when the momiji are here . . . #japon #japan #garden #japangarden #museealbertkahn #parisienne #travelphotography #travel #travelblogger #travelgram #travelguide #travelholic #travelling #picoftheday #pictureoftheday #boulognebillancourt #voyage #visitparis #visiteparis #jardinjaponais<\/a><\/p>\r\n<p style=\"color: #c9c8cd; font-family: Arial,sans-serif; font-size: 14px; line-height: 17px; margin-bottom: 0; margin-top: 8px; overflow: hidden; padding: 8px 0 7px; text-align: center; text-overflow: ellipsis; white-space: nowrap;\">Une publication partag\u00e9e par <a style=\"color: #c9c8cd; font-family: Arial,sans-serif; font-size: 14px; font-style: normal; font-weight: normal; line-height: 17px;\" href=\"https:\/\/www.instagram.com\/travelwithlaurenceandco\/?utm_source=ig_embed&amp;utm_campaign=loading\" target=\"_blank\" rel=\"noopener noreferrer\"> Travel With Laurence And Co<\/a> (@travelwithlaurenceandco) le <time style=\"font-family: Arial,sans-serif; font-size: 14px; line-height: 17px;\" datetime=\"2019-10-22T14:09:26+00:00\">22 Oct. 2019 \u00e0 7 :09 PDT<\/time><\/p>\r\n<\/div>\r\n<\/blockquote>\r\n<p><script async=\"\" src=\"\/\/www.instagram.com\/embed.js\"><\/script><\/p>\r\n<p>Si vous \u00eates \u00e0 Paris, pourquoi pas en profiter pour aller admirer les fresques de <a href=\"https:\/\/travelwithlaurenceandco.fr\/index.php\/2020\/03\/02\/street-art-a-paris\/\">Street Art<\/a> ?<\/p>\r\n<p style=\"text-align: justify;\"><\/p>","protected":false},"excerpt":{"rendered":"<p>Ce mus\u00e9e \u00e9tait ferm\u00e9 ces derni\u00e8res ann\u00e9es car en r\u00e9novation mais les portes de son jardin ont pu r\u00e9-ouvrir durant la f\u00eate du patrimoine en septembre 2019. Si vous passez par Paris surtout aux p\u00e9riodes du printemps ou de l&rsquo;automne et que vous souhaitez voir quelque chose de pas commun, je vous conseille ce jardin&#8230;<\/p>\n","protected":false},"author":1,"featured_media":116,"comment_status":"open","ping_status":"open","sticky":false,"template":"","format":"standard","meta":{"jetpack_post_was_ever_published":false,"_jetpack_newsletter_access":"","_jetpack_dont_email_post_to_subs":false,"_jetpack_newsletter_tier_id":0,"_jetpack_memberships_contains_paywalled_content":false,"_jetpack_memberships_contains_paid_content":false,"footnotes":""},"categories":[3],"tags":[],"class_list":["post-29","post","type-post","status-publish","format-standard","has-post-thumbnail","hentry","category-paris"],"aioseo_notices":[],"jetpack_featured_media_url":"https:\/\/i0.wp.com\/travelwithlaurenceandco.fr\/wp-content\/uploads\/2020\/02\/IMG_3519-scaled.jpg?fit=2560%2C1920&ssl=1","jetpack_shortlink":"https:\/\/wp.me\/pbFSgt-t","jetpack-related-posts":[],"jetpack_sharing_enabled":true,"_links":{"self":[{"href":"https:\/\/travelwithlaurenceandco.fr\/index.php\/wp-json\/wp\/v2\/posts\/29","targetHints":{"allow":["GET"]}}],"collection":[{"href":"https:\/\/travelwithlaurenceandco.fr\/index.php\/wp-json\/wp\/v2\/posts"}],"about":[{"href":"https:\/\/travelwithlaurenceandco.fr\/index.php\/wp-json\/wp\/v2\/types\/post"}],"author":[{"embeddable":true,"href":"https:\/\/travelwithlaurenceandco.fr\/index.php\/wp-json\/wp\/v2\/users\/1"}],"replies":[{"embeddable":true,"href":"https:\/\/travelwithlaurenceandco.fr\/index.php\/wp-json\/wp\/v2\/comments?post=29"}],"version-history":[{"count":5,"href":"https:\/\/travelwithlaurenceandco.fr\/index.php\/wp-json\/wp\/v2\/posts\/29\/revisions"}],"predecessor-version":[{"id":775,"href":"https:\/\/travelwithlaurenceandco.fr\/index.php\/wp-json\/wp\/v2\/posts\/29\/revisions\/775"}],"wp:featuredmedia":[{"embeddable":true,"href":"https:\/\/travelwithlaurenceandco.fr\/index.php\/wp-json\/wp\/v2\/media\/116"}],"wp:attachment":[{"href":"https:\/\/travelwithlaurenceandco.fr\/index.php\/wp-json\/wp\/v2\/media?parent=29"}],"wp:term":[{"taxonomy":"category","embeddable":true,"href":"https:\/\/travelwithlaurenceandco.fr\/index.php\/wp-json\/wp\/v2\/categories?post=29"},{"taxonomy":"post_tag","embeddable":true,"href":"https:\/\/travelwithlaurenceandco.fr\/index.php\/wp-json\/wp\/v2\/tags?post=29"}],"curies":[{"name":"wp","href":"https:\/\/api.w.org\/{rel}","templated":true}]}}