{"id":109,"date":"2025-02-28T10:50:13","date_gmt":"2025-02-28T09:50:13","guid":{"rendered":"http:\/\/travelwithlaurenceandco.fr\/?p=109"},"modified":"2025-03-02T10:18:58","modified_gmt":"2025-03-02T09:18:58","slug":"carnaval-de-venise","status":"publish","type":"post","link":"https:\/\/travelwithlaurenceandco.fr\/index.php\/2025\/02\/28\/carnaval-de-venise\/","title":{"rendered":"4 jours magiques au Carnaval de Venise : guide pratique"},"content":{"rendered":"<h2><strong>4 jours magiques au Carnaval de Venise : le guide ultime pour un s\u00e9jour inoubliable \ud83c\udfad\u2728<br \/>\n<\/strong><\/h2>\n<p>Le Carnaval de Venise, un r\u00eave \u00e9veill\u00e9 o\u00f9 chaque coin de rue semble sortir d\u2019un tableau, est une exp\u00e9rience unique \u00e0 vivre au moins une fois dans sa vie.<\/p>\n<p>Notamment,si vous avez 4 jours devant vous, voici comment en profiter pleinement tout en capturant l\u2019essence de cet \u00e9v\u00e9nement embl\u00e9matique<\/p>\n<p><iframe data-src=\"https:\/\/www.youtube.com\/embed\/wv4QLTa6pVg\" width=\"560\" height=\"315\" frameborder=\"0\" src=\"data:image\/svg+xml;base64,PHN2ZyB3aWR0aD0iMSIgaGVpZ2h0PSIxIiB4bWxucz0iaHR0cDovL3d3dy53My5vcmcvMjAwMC9zdmciPjwvc3ZnPg==\" class=\"lazyload\" data-load-mode=\"1\"><\/iframe><\/p>\n<h4>Jour 1 : L\u2019arriv\u00e9e et la d\u00e9couverte des premi\u00e8res merveilles<\/h4>\n<p>Bienvenue \u00e0 Venise\u202f!<\/p>\n<p>Aussi,\u00a0 Commencez votre aventure en arrivant t\u00f4t pour d\u00e9poser vos bagages dans votre h\u00f4tel ou votre charmante pension.<\/p>\n<p>Quant \u00e0 bien vous impr\u00e9gner de l\u2019atmosph\u00e8re, dirigez-vous directement vers la place Saint-Marc, le c\u0153ur vibrant du Carnaval.<\/p>\n<p>Entre les costumes color\u00e9s et les masques \u00e9tincelants, chaque moment est une photo parfaite.<\/p>\n<p>En fin d\u2019apr\u00e8s-midi, pourquoi ne pas monter au Campanile de Saint-Marc\u202f? La vue panoramique sur la lagune est \u00e0 couper le souffle, surtout lorsque les rayons dor\u00e9s du soleil illuminent les canaux.<\/p>\n<p>Enfin, terminez la journ\u00e9e par un d\u00eener dans un restaurant traditionnel o\u00f9 vous pourrez go\u00fbter aux sp\u00e9cialit\u00e9s locales comme les <strong>sarde in saor<\/strong> ou un risotto noir \u00e0 l\u2019encre de seiche.<\/p>\n<h4>Jour 2 : Plong\u00e9e au c\u0153ur du Carnaval<\/h4>\n<p>En premier lieu, le deuxi\u00e8me jour, plongez dans la f\u00e9\u00e9rie du Carnaval.<\/p>\n<p>Louez ou achetez un masque (ou encore mieux, participez \u00e0 un atelier pour en cr\u00e9er un vous-m\u00eame\u202f!).<\/p>\n<p>Ensuite, promenez-vous dans les ruelles pour assister aux d\u00e9fil\u00e9s de costumes.<\/p>\n<p>Chaque costume raconte une histoire et refl\u00e8te l\u2019art et la tradition v\u00e9nitienne.<\/p>\n<h4>L&rsquo;ambiance:<\/h4>\n<p>Cela \u00e9tant, tous les masqu\u00e9s se c\u00f4toient, et se donnent rendez-vous aux 4 coins de Venise.<\/p>\n<p>Ainsi donc,diff\u00e9rents moments de la journ\u00e9e ponctuent des mises en sc\u00e8ne extraordinaires&#8230;<\/p>\n<p>Avec parfois beaucoup de patience devant la meute de photographes plus nombreux qu&rsquo;au festival de Cannes\u2026<\/p>\n<p>D&rsquo;autant plus, chacun rivalise d&rsquo;imagination pour se montrer sous son meilleur jour.<\/p>\n<p>Ainsi, les costumes sont plus beaux \u00a0les uns que les autres avec des fabrications uniques et souvent insolites.<\/p>\n<p>Notons que de nombreux Fran\u00e7ais participent au carnaval de Venise chaque ann\u00e9e.<\/p>\n<p>En pr\u00e9parant parfois un an \u00e0 l&rsquo;avance leur pr\u00e9cieux costume pour 10 jours de folie,ils attendent l\u2019\u00e9v\u00e9nement &#8230;<\/p>\n<p>De fait, ne manquez surtout pas ces moments exceptionnels! N&rsquo;h\u00e9sitez pas \u00e0 leur demander les endroits des prochaines s\u00e9ances photos !<\/p>\n<div id='gallery-1' class='gallery galleryid-109 gallery-columns-3 gallery-size-medium'><figure class='gallery-item'>\n\t\t\t<div class='gallery-icon portrait'>\n\t\t\t\t<a href='https:\/\/travelwithlaurenceandco.fr\/index.php\/2025\/02\/28\/carnaval-de-venise\/p1090993-petit\/'><img decoding=\"async\" width=\"225\" height=\"300\" data-src=\"https:\/\/i0.wp.com\/travelwithlaurenceandco.fr\/wp-content\/uploads\/2020\/02\/P1090993-Petit-rotated-e1582741258870.jpeg?fit=225%2C300&amp;ssl=1\" class=\"attachment-medium size-medium lazyload\" alt=\"\" data-srcset=\"https:\/\/i0.wp.com\/travelwithlaurenceandco.fr\/wp-content\/uploads\/2020\/02\/P1090993-Petit-rotated-e1582741258870.jpeg?w=480&amp;ssl=1 480w, https:\/\/i0.wp.com\/travelwithlaurenceandco.fr\/wp-content\/uploads\/2020\/02\/P1090993-Petit-rotated-e1582741258870.jpeg?resize=225%2C300&amp;ssl=1 225w, https:\/\/i0.wp.com\/travelwithlaurenceandco.fr\/wp-content\/uploads\/2020\/02\/P1090993-Petit-rotated-e1582741258870.jpeg?resize=300%2C400&amp;ssl=1 300w\" data-sizes=\"(max-width: 225px) 100vw, 225px\" src=\"data:image\/svg+xml;base64,PHN2ZyB3aWR0aD0iMSIgaGVpZ2h0PSIxIiB4bWxucz0iaHR0cDovL3d3dy53My5vcmcvMjAwMC9zdmciPjwvc3ZnPg==\" style=\"--smush-placeholder-width: 225px; --smush-placeholder-aspect-ratio: 225\/300;\" \/><\/a>\n\t\t\t<\/div><\/figure><figure class='gallery-item'>\n\t\t\t<div class='gallery-icon portrait'>\n\t\t\t\t<a href='https:\/\/travelwithlaurenceandco.fr\/index.php\/2025\/02\/28\/carnaval-de-venise\/carnaval-de-venise-venice-carnival-2020-10-petit\/'><img decoding=\"async\" width=\"272\" height=\"300\" data-src=\"https:\/\/i0.wp.com\/travelwithlaurenceandco.fr\/wp-content\/uploads\/2020\/02\/carnaval-de-venise-venice-carnival-2020-10-Petit-e1582797095188.png?fit=272%2C300&amp;ssl=1\" class=\"attachment-medium size-medium lazyload\" alt=\"\" data-srcset=\"https:\/\/i0.wp.com\/travelwithlaurenceandco.fr\/wp-content\/uploads\/2020\/02\/carnaval-de-venise-venice-carnival-2020-10-Petit-e1582797095188.png?w=435&amp;ssl=1 435w, https:\/\/i0.wp.com\/travelwithlaurenceandco.fr\/wp-content\/uploads\/2020\/02\/carnaval-de-venise-venice-carnival-2020-10-Petit-e1582797095188.png?resize=272%2C300&amp;ssl=1 272w, https:\/\/i0.wp.com\/travelwithlaurenceandco.fr\/wp-content\/uploads\/2020\/02\/carnaval-de-venise-venice-carnival-2020-10-Petit-e1582797095188.png?resize=300%2C330&amp;ssl=1 300w\" data-sizes=\"(max-width: 272px) 100vw, 272px\" src=\"data:image\/svg+xml;base64,PHN2ZyB3aWR0aD0iMSIgaGVpZ2h0PSIxIiB4bWxucz0iaHR0cDovL3d3dy53My5vcmcvMjAwMC9zdmciPjwvc3ZnPg==\" style=\"--smush-placeholder-width: 272px; --smush-placeholder-aspect-ratio: 272\/300;\" \/><\/a>\n\t\t\t<\/div><\/figure><figure class='gallery-item'>\n\t\t\t<div class='gallery-icon portrait'>\n\t\t\t\t<a href='https:\/\/travelwithlaurenceandco.fr\/index.php\/2025\/02\/28\/carnaval-de-venise\/p1090981-petit\/'><img decoding=\"async\" width=\"225\" height=\"300\" data-src=\"https:\/\/i0.wp.com\/travelwithlaurenceandco.fr\/wp-content\/uploads\/2020\/02\/P1090981-Petit-rotated-e1582741244562.jpeg?fit=225%2C300&amp;ssl=1\" class=\"attachment-medium size-medium lazyload\" alt=\"\" data-srcset=\"https:\/\/i0.wp.com\/travelwithlaurenceandco.fr\/wp-content\/uploads\/2020\/02\/P1090981-Petit-rotated-e1582741244562.jpeg?w=480&amp;ssl=1 480w, https:\/\/i0.wp.com\/travelwithlaurenceandco.fr\/wp-content\/uploads\/2020\/02\/P1090981-Petit-rotated-e1582741244562.jpeg?resize=225%2C300&amp;ssl=1 225w, https:\/\/i0.wp.com\/travelwithlaurenceandco.fr\/wp-content\/uploads\/2020\/02\/P1090981-Petit-rotated-e1582741244562.jpeg?resize=300%2C400&amp;ssl=1 300w\" data-sizes=\"(max-width: 225px) 100vw, 225px\" src=\"data:image\/svg+xml;base64,PHN2ZyB3aWR0aD0iMSIgaGVpZ2h0PSIxIiB4bWxucz0iaHR0cDovL3d3dy53My5vcmcvMjAwMC9zdmciPjwvc3ZnPg==\" style=\"--smush-placeholder-width: 225px; --smush-placeholder-aspect-ratio: 225\/300;\" \/><\/a>\n\t\t\t<\/div><\/figure>\n\t\t<\/div>\n\n<p>Aussi, ne manquez pas les spectacles organis\u00e9s sur les grandes places de la ville.<\/p>\n<p>Les artistes de rue, musiciens et danseurs ajoutent une touche de magie suppl\u00e9mentaire.<\/p>\n<p>Apr\u00e8s cela, en soir\u00e9e, r\u00e9servez une place pour un bal masqu\u00e9 : une exp\u00e9rience unique o\u00f9 l\u2019\u00e9l\u00e9gance est \u00e0 l\u2019honneur.<\/p>\n<h4>Jour 3 : Exploration culturelle et moments romantiques<\/h4>\n<p>Ensuite, apr\u00e8s l\u2019euphorie des festivit\u00e9s, prenez un moment pour explorer le riche patrimoine culturel de Venise.<\/p>\n<p>Visitez le Palais des Doges et ses prisons myst\u00e9rieuses, traversez le Pont des Soupirs et perdez-vous dans les galeries de l\u2019Acad\u00e9mie pour admirer des chefs-d\u2019\u0153uvre de l\u2019art v\u00e9nitien.<\/p>\n<p>Sinon, pour un moment de tranquillit\u00e9, optez pour une balade en gondole sur les canaux au coucher du soleil. Certes, c\u2019est un classique, mais c\u2019est surtout un moment de pure magie\u202f!<\/p>\n<p>Ou bien les ateliers:<\/p>\n<p>On peut aussi toute l&rsquo;ann\u00e9e visiter les quelques ateliers de fabrication de masques qui restent encore et m\u00eame fabriquer son propre masque unique ,si le c\u0153ur vous en dit&#8230; C&rsquo;est sur rendez vous ,(payant) et le nombre de places est limit\u00e9. Il faut donc r\u00e9server \u00e0 l&rsquo;avance.<\/p>\n<h4>Jour 4 : Derniers souvenirs et au revoir Venise<\/h4>\n<p>Avant de partir, rendez-vous dans le quartier de Dorsoduro ou celui de Cannaregio, plus calmes mais tout aussi charmants. Vous pourrez y acheter des souvenirs uniques comme des verres de Murano ou des dentelles de Burano.<\/p>\n<p>\u00c0 cette fin, si le temps le permet, prenez un vaporetto jusqu\u2019aux \u00eeles de Murano et Burano.<\/p>\n<p>L\u2019une est c\u00e9l\u00e8bre pour son verre souffl\u00e9, l\u2019autre pour ses maisons color\u00e9es et son ambiance pittoresque.<\/p>\n<p>Finalement, en fin de journ\u00e9e, savourez un dernier caf\u00e9 en terrasse avec vue sur la lagune et laissez-vous bercer par les sons de Venise avant de repartir.<\/p>\n<p>Ainsi, apr\u00e8s ces 4 jours bien remplis, vous aurez explor\u00e9 Venise sous toutes ses facettes\u202f: historique, festive et romantique.<\/p>\n<p>Enfin, le Carnaval de Venise, c\u2019est bien plus qu\u2019un \u00e9v\u00e9nement\u202f: c\u2019est une immersion dans un univers de r\u00eave, o\u00f9 pass\u00e9 et pr\u00e9sent se rencontrent dans un \u00e9clat de masques et de paillettes.<\/p>\n<p style=\"text-align: justify;\">constat\u00e9 cet \u00e9norme succ\u00e8s Mondial renouvel\u00e9 chaque ann\u00e9e.<\/p>\n<p style=\"text-align: justify;\">Vous pouvez d&rsquo;ailleurs retrouver des <a href=\"https:\/\/travelwithlaurenceandco.fr\/index.php\/2020\/03\/23\/une-venise-insolite-avec-bons-plans\/\"><strong>bons plans et les lieux insolites \u00e0 voir \u00e0 Venise ici dans notre article<\/strong><\/a> avec quelques costum\u00e9s suppl\u00e9mentaires\u2026<\/p>\n<div id='gallery-2' class='gallery galleryid-109 gallery-columns-3 gallery-size-medium'><figure class='gallery-item'>\n\t\t\t<div class='gallery-icon landscape'>\n\t\t\t\t<a href='https:\/\/travelwithlaurenceandco.fr\/index.php\/2025\/02\/28\/carnaval-de-venise\/masques-carnaval-de-venise\/'><img decoding=\"async\" width=\"300\" height=\"169\" data-src=\"https:\/\/i0.wp.com\/travelwithlaurenceandco.fr\/wp-content\/uploads\/2020\/02\/masqu%C3%A9s-carnaval-de-venise.png?fit=300%2C169&amp;ssl=1\" class=\"attachment-medium size-medium lazyload\" alt=\"\" src=\"data:image\/svg+xml;base64,PHN2ZyB3aWR0aD0iMSIgaGVpZ2h0PSIxIiB4bWxucz0iaHR0cDovL3d3dy53My5vcmcvMjAwMC9zdmciPjwvc3ZnPg==\" style=\"--smush-placeholder-width: 300px; --smush-placeholder-aspect-ratio: 300\/169;\" \/><\/a>\n\t\t\t<\/div><\/figure><figure class='gallery-item'>\n\t\t\t<div class='gallery-icon landscape'>\n\t\t\t\t<a href='https:\/\/travelwithlaurenceandco.fr\/index.php\/2025\/02\/28\/carnaval-de-venise\/vlcsnap-2020-02-26-15h18m01s086_inpixio-petit\/'><img decoding=\"async\" width=\"300\" height=\"169\" data-src=\"https:\/\/i0.wp.com\/travelwithlaurenceandco.fr\/wp-content\/uploads\/2020\/02\/vlcsnap-2020-02-26-15h18m01s086_InPixio-Petit.png?fit=300%2C169&amp;ssl=1\" class=\"attachment-medium size-medium lazyload\" alt=\"\" data-srcset=\"https:\/\/i0.wp.com\/travelwithlaurenceandco.fr\/wp-content\/uploads\/2020\/02\/vlcsnap-2020-02-26-15h18m01s086_InPixio-Petit.png?w=853&amp;ssl=1 853w, https:\/\/i0.wp.com\/travelwithlaurenceandco.fr\/wp-content\/uploads\/2020\/02\/vlcsnap-2020-02-26-15h18m01s086_InPixio-Petit.png?resize=300%2C169&amp;ssl=1 300w, https:\/\/i0.wp.com\/travelwithlaurenceandco.fr\/wp-content\/uploads\/2020\/02\/vlcsnap-2020-02-26-15h18m01s086_InPixio-Petit.png?resize=768%2C432&amp;ssl=1 768w, https:\/\/i0.wp.com\/travelwithlaurenceandco.fr\/wp-content\/uploads\/2020\/02\/vlcsnap-2020-02-26-15h18m01s086_InPixio-Petit.png?resize=850%2C478&amp;ssl=1 850w\" data-sizes=\"(max-width: 300px) 100vw, 300px\" src=\"data:image\/svg+xml;base64,PHN2ZyB3aWR0aD0iMSIgaGVpZ2h0PSIxIiB4bWxucz0iaHR0cDovL3d3dy53My5vcmcvMjAwMC9zdmciPjwvc3ZnPg==\" style=\"--smush-placeholder-width: 300px; --smush-placeholder-aspect-ratio: 300\/169;\" \/><\/a>\n\t\t\t<\/div><\/figure><figure class='gallery-item'>\n\t\t\t<div class='gallery-icon landscape'>\n\t\t\t\t<a href='https:\/\/travelwithlaurenceandco.fr\/index.php\/2025\/02\/28\/carnaval-de-venise\/masque-carnaval-de-venise-2020\/'><img decoding=\"async\" width=\"300\" height=\"169\" data-src=\"https:\/\/i0.wp.com\/travelwithlaurenceandco.fr\/wp-content\/uploads\/2020\/02\/masque-carnaval-de-venise-2020.png?fit=300%2C169&amp;ssl=1\" class=\"attachment-medium size-medium lazyload\" alt=\"\" data-srcset=\"https:\/\/i0.wp.com\/travelwithlaurenceandco.fr\/wp-content\/uploads\/2020\/02\/masque-carnaval-de-venise-2020.png?w=853&amp;ssl=1 853w, https:\/\/i0.wp.com\/travelwithlaurenceandco.fr\/wp-content\/uploads\/2020\/02\/masque-carnaval-de-venise-2020.png?resize=300%2C169&amp;ssl=1 300w, https:\/\/i0.wp.com\/travelwithlaurenceandco.fr\/wp-content\/uploads\/2020\/02\/masque-carnaval-de-venise-2020.png?resize=768%2C432&amp;ssl=1 768w, https:\/\/i0.wp.com\/travelwithlaurenceandco.fr\/wp-content\/uploads\/2020\/02\/masque-carnaval-de-venise-2020.png?resize=850%2C478&amp;ssl=1 850w\" data-sizes=\"(max-width: 300px) 100vw, 300px\" src=\"data:image\/svg+xml;base64,PHN2ZyB3aWR0aD0iMSIgaGVpZ2h0PSIxIiB4bWxucz0iaHR0cDovL3d3dy53My5vcmcvMjAwMC9zdmciPjwvc3ZnPg==\" style=\"--smush-placeholder-width: 300px; --smush-placeholder-aspect-ratio: 300\/169;\" \/><\/a>\n\t\t\t<\/div><\/figure><figure class='gallery-item'>\n\t\t\t<div class='gallery-icon landscape'>\n\t\t\t\t<a href='https:\/\/travelwithlaurenceandco.fr\/index.php\/2025\/02\/28\/carnaval-de-venise\/carnevale-di-venezia-2020-carnaval-de-venise-2020-4-petit\/'><img decoding=\"async\" width=\"300\" height=\"169\" data-src=\"https:\/\/i0.wp.com\/travelwithlaurenceandco.fr\/wp-content\/uploads\/2020\/02\/carnevale-di-venezia-2020-carnaval-de-venise-2020-4-Petit.png?fit=300%2C169&amp;ssl=1\" class=\"attachment-medium size-medium lazyload\" alt=\"\" data-srcset=\"https:\/\/i0.wp.com\/travelwithlaurenceandco.fr\/wp-content\/uploads\/2020\/02\/carnevale-di-venezia-2020-carnaval-de-venise-2020-4-Petit.png?w=853&amp;ssl=1 853w, https:\/\/i0.wp.com\/travelwithlaurenceandco.fr\/wp-content\/uploads\/2020\/02\/carnevale-di-venezia-2020-carnaval-de-venise-2020-4-Petit.png?resize=300%2C169&amp;ssl=1 300w, https:\/\/i0.wp.com\/travelwithlaurenceandco.fr\/wp-content\/uploads\/2020\/02\/carnevale-di-venezia-2020-carnaval-de-venise-2020-4-Petit.png?resize=768%2C432&amp;ssl=1 768w, https:\/\/i0.wp.com\/travelwithlaurenceandco.fr\/wp-content\/uploads\/2020\/02\/carnevale-di-venezia-2020-carnaval-de-venise-2020-4-Petit.png?resize=850%2C478&amp;ssl=1 850w\" data-sizes=\"(max-width: 300px) 100vw, 300px\" src=\"data:image\/svg+xml;base64,PHN2ZyB3aWR0aD0iMSIgaGVpZ2h0PSIxIiB4bWxucz0iaHR0cDovL3d3dy53My5vcmcvMjAwMC9zdmciPjwvc3ZnPg==\" style=\"--smush-placeholder-width: 300px; --smush-placeholder-aspect-ratio: 300\/169;\" \/><\/a>\n\t\t\t<\/div><\/figure><figure class='gallery-item'>\n\t\t\t<div class='gallery-icon landscape'>\n\t\t\t\t<a href='https:\/\/travelwithlaurenceandco.fr\/index.php\/2025\/02\/28\/carnaval-de-venise\/carnaval-de-venise-venice-carnival-2020-1-petit\/'><img decoding=\"async\" width=\"300\" height=\"169\" data-src=\"https:\/\/i0.wp.com\/travelwithlaurenceandco.fr\/wp-content\/uploads\/2020\/02\/carnaval-de-venise-venice-carnival-2020-1-Petit.png?fit=300%2C169&amp;ssl=1\" class=\"attachment-medium size-medium lazyload\" alt=\"\" data-srcset=\"https:\/\/i0.wp.com\/travelwithlaurenceandco.fr\/wp-content\/uploads\/2020\/02\/carnaval-de-venise-venice-carnival-2020-1-Petit.png?w=854&amp;ssl=1 854w, https:\/\/i0.wp.com\/travelwithlaurenceandco.fr\/wp-content\/uploads\/2020\/02\/carnaval-de-venise-venice-carnival-2020-1-Petit.png?resize=300%2C169&amp;ssl=1 300w, https:\/\/i0.wp.com\/travelwithlaurenceandco.fr\/wp-content\/uploads\/2020\/02\/carnaval-de-venise-venice-carnival-2020-1-Petit.png?resize=768%2C432&amp;ssl=1 768w, https:\/\/i0.wp.com\/travelwithlaurenceandco.fr\/wp-content\/uploads\/2020\/02\/carnaval-de-venise-venice-carnival-2020-1-Petit.png?resize=850%2C478&amp;ssl=1 850w\" data-sizes=\"(max-width: 300px) 100vw, 300px\" src=\"data:image\/svg+xml;base64,PHN2ZyB3aWR0aD0iMSIgaGVpZ2h0PSIxIiB4bWxucz0iaHR0cDovL3d3dy53My5vcmcvMjAwMC9zdmciPjwvc3ZnPg==\" style=\"--smush-placeholder-width: 300px; --smush-placeholder-aspect-ratio: 300\/169;\" \/><\/a>\n\t\t\t<\/div><\/figure><figure class='gallery-item'>\n\t\t\t<div class='gallery-icon landscape'>\n\t\t\t\t<a href='https:\/\/travelwithlaurenceandco.fr\/index.php\/2025\/02\/28\/carnaval-de-venise\/carnevale-di-venezia-2020-carnaval-de-venise-2020-2-petit\/'><img decoding=\"async\" width=\"300\" height=\"169\" data-src=\"https:\/\/i0.wp.com\/travelwithlaurenceandco.fr\/wp-content\/uploads\/2020\/02\/carnevale-di-venezia-2020-carnaval-de-venise-2020-2-Petit.png?fit=300%2C169&amp;ssl=1\" class=\"attachment-medium size-medium lazyload\" alt=\"\" data-srcset=\"https:\/\/i0.wp.com\/travelwithlaurenceandco.fr\/wp-content\/uploads\/2020\/02\/carnevale-di-venezia-2020-carnaval-de-venise-2020-2-Petit.png?w=853&amp;ssl=1 853w, https:\/\/i0.wp.com\/travelwithlaurenceandco.fr\/wp-content\/uploads\/2020\/02\/carnevale-di-venezia-2020-carnaval-de-venise-2020-2-Petit.png?resize=300%2C169&amp;ssl=1 300w, https:\/\/i0.wp.com\/travelwithlaurenceandco.fr\/wp-content\/uploads\/2020\/02\/carnevale-di-venezia-2020-carnaval-de-venise-2020-2-Petit.png?resize=768%2C432&amp;ssl=1 768w, https:\/\/i0.wp.com\/travelwithlaurenceandco.fr\/wp-content\/uploads\/2020\/02\/carnevale-di-venezia-2020-carnaval-de-venise-2020-2-Petit.png?resize=850%2C478&amp;ssl=1 850w\" data-sizes=\"(max-width: 300px) 100vw, 300px\" src=\"data:image\/svg+xml;base64,PHN2ZyB3aWR0aD0iMSIgaGVpZ2h0PSIxIiB4bWxucz0iaHR0cDovL3d3dy53My5vcmcvMjAwMC9zdmciPjwvc3ZnPg==\" style=\"--smush-placeholder-width: 300px; --smush-placeholder-aspect-ratio: 300\/169;\" \/><\/a>\n\t\t\t<\/div><\/figure>\n\t\t<\/div>\n\n<blockquote class=\"instagram-media\" style=\"background: #FFF; border: 0; border-radius: 3px; box-shadow: 0 0 1px 0 rgba(0,0,0,0.5),0 1px 10px 0 rgba(0,0,0,0.15); margin: 1px; max-width: 540px; min-width: 326px; padding: 0; width: calc(100% - 2px);\" data-instgrm-captioned=\"\" data-instgrm-permalink=\"https:\/\/www.instagram.com\/p\/B9G1JWUnoD1\/?utm_source=ig_embed&amp;utm_campaign=loading\" data-instgrm-version=\"12\">\n<div style=\"padding: 16px;\">\n<p>&nbsp;<\/p>\n<div style=\"display: flex; flex-direction: row; align-items: center;\">\n<div style=\"background-color: #f4f4f4; border-radius: 50%; flex-grow: 0; height: 40px; margin-right: 14px; width: 40px;\"><\/div>\n<div style=\"display: flex; flex-direction: column; flex-grow: 1; justify-content: center;\">\n<div style=\"background-color: #f4f4f4; border-radius: 4px; flex-grow: 0; height: 14px; margin-bottom: 6px; width: 100px;\"><\/div>\n<div style=\"background-color: #f4f4f4; border-radius: 4px; flex-grow: 0; height: 14px; width: 60px;\"><\/div>\n<\/div>\n<\/div>\n<div style=\"padding: 19% 0;\"><\/div>\n<div style=\"display: block; height: 50px; margin: 0 auto 12px; width: 50px;\"><\/div>\n<div style=\"padding-top: 8px;\">\n<div style=\"color: #3897f0; font-family: Arial,sans-serif; font-size: 14px; font-style: normal; font-weight: 550; line-height: 18px;\">Voir cette publication sur Instagram<\/div>\n<\/div>\n<div style=\"padding: 12.5% 0;\"><\/div>\n<div style=\"display: flex; flex-direction: row; margin-bottom: 14px; align-items: center;\">\n<div>\n<div style=\"background-color: #f4f4f4; border-radius: 50%; height: 12.5px; width: 12.5px; transform: translateX(0px) translateY(7px);\"><\/div>\n<div style=\"background-color: #f4f4f4; height: 12.5px; transform: rotate(-45deg) translateX(3px) translateY(1px); width: 12.5px; flex-grow: 0; margin-right: 14px; margin-left: 2px;\"><\/div>\n<div style=\"background-color: #f4f4f4; border-radius: 50%; height: 12.5px; width: 12.5px; transform: translateX(9px) translateY(-18px);\"><\/div>\n<\/div>\n<div style=\"margin-left: 8px;\">\n<div style=\"background-color: #f4f4f4; border-radius: 50%; flex-grow: 0; height: 20px; width: 20px;\"><\/div>\n<div style=\"width: 0; height: 0; border-top: 2px solid transparent; border-left: 6px solid #f4f4f4; border-bottom: 2px solid transparent; transform: translateX(16px) translateY(-4px) rotate(30deg);\"><\/div>\n<\/div>\n<div style=\"margin-left: auto;\">\n<div style=\"width: 0px; border-top: 8px solid #F4F4F4; border-right: 8px solid transparent; transform: translateY(16px);\"><\/div>\n<div style=\"background-color: #f4f4f4; flex-grow: 0; height: 12px; width: 16px; transform: translateY(-4px);\"><\/div>\n<div style=\"width: 0; height: 0; border-top: 8px solid #F4F4F4; border-left: 8px solid transparent; transform: translateY(-4px) translateX(8px);\"><\/div>\n<\/div>\n<\/div>\n<p>&nbsp;<\/p>\n<p style=\"margin: 8px 0 0 0; padding: 0 4px;\"><a style=\"color: #000; font-family: Arial,sans-serif; font-size: 14px; font-style: normal; font-weight: normal; line-height: 17px; text-decoration: none; word-wrap: break-word;\" href=\"https:\/\/www.instagram.com\/p\/B9G1JWUnoD1\/?utm_source=ig_embed&amp;utm_campaign=loading\" target=\"_blank\" rel=\"noopener noreferrer\">Venice carnival 2020 Italy #venisecarnaval #carnavalvenise #carnavaldevenise #carnavaldevenise2020 #venise\ud83c\udfad #venicecarnival2020 #veneziacarnevale2020 #venezia\ud83c\udfad #veneziacarnevale #travelphotography #travel #travelblogger #traveladdict #traveltheworld #travelgram #italia #italy #italie<\/a><\/p>\n<p style=\"color: #c9c8cd; font-family: Arial, sans-serif; font-size: 14px; line-height: 17px; margin-bottom: 0px; margin-top: 8px; overflow: hidden; padding: 8px 0px 7px; text-overflow: ellipsis; white-space: nowrap;\">Une publication partag\u00e9e par <a style=\"color: #c9c8cd; font-family: Arial,sans-serif; font-size: 14px; font-style: normal; font-weight: normal; line-height: 17px;\" href=\"https:\/\/www.instagram.com\/travelwithlaurenceandco\/?utm_source=ig_embed&amp;utm_campaign=loading\" target=\"_blank\" rel=\"noopener noreferrer\"> Travel With Laurence And Co<\/a> (@travelwithlaurenceandco) le <time style=\"font-family: Arial,sans-serif; font-size: 14px; line-height: 17px;\" datetime=\"2020-02-28T10:11:08+00:00\">28 F\u00e9vr. 2020 \u00e0 2 :11 PST<\/time><\/p>\n<\/div>\n<\/blockquote>\n<p><script async=\"\" src=\"\/\/www.instagram.com\/embed.js\"><\/script><\/p>\n","protected":false},"excerpt":{"rendered":"<p>4 jours magiques au Carnaval de Venise : le guide ultime pour un s\u00e9jour inoubliable \ud83c\udfad\u2728 Le Carnaval de Venise, un r\u00eave \u00e9veill\u00e9 o\u00f9 chaque coin de rue semble sortir d\u2019un tableau, est une exp\u00e9rience unique \u00e0 vivre au moins une fois dans sa vie. Notamment,si vous avez 4 jours devant vous, voici comment en&#8230;<\/p>\n","protected":false},"author":2,"featured_media":267,"comment_status":"open","ping_status":"open","sticky":false,"template":"","format":"standard","meta":{"jetpack_post_was_ever_published":false,"_jetpack_newsletter_access":"","_jetpack_dont_email_post_to_subs":false,"_jetpack_newsletter_tier_id":0,"_jetpack_memberships_contains_paywalled_content":false,"_jetpack_memberships_contains_paid_content":false,"footnotes":""},"categories":[7],"tags":[],"class_list":["post-109","post","type-post","status-publish","format-standard","has-post-thumbnail","hentry","category-europe"],"aioseo_notices":[],"jetpack_featured_media_url":"https:\/\/i0.wp.com\/travelwithlaurenceandco.fr\/wp-content\/uploads\/2020\/02\/vlcsnap-2020-02-26-15h18m01s086_InPixio-Petit.png?fit=853%2C480&ssl=1","jetpack_shortlink":"https:\/\/wp.me\/pbFSgt-1L","jetpack-related-posts":[],"jetpack_sharing_enabled":true,"_links":{"self":[{"href":"https:\/\/travelwithlaurenceandco.fr\/index.php\/wp-json\/wp\/v2\/posts\/109","targetHints":{"allow":["GET"]}}],"collection":[{"href":"https:\/\/travelwithlaurenceandco.fr\/index.php\/wp-json\/wp\/v2\/posts"}],"about":[{"href":"https:\/\/travelwithlaurenceandco.fr\/index.php\/wp-json\/wp\/v2\/types\/post"}],"author":[{"embeddable":true,"href":"https:\/\/travelwithlaurenceandco.fr\/index.php\/wp-json\/wp\/v2\/users\/2"}],"replies":[{"embeddable":true,"href":"https:\/\/travelwithlaurenceandco.fr\/index.php\/wp-json\/wp\/v2\/comments?post=109"}],"version-history":[{"count":13,"href":"https:\/\/travelwithlaurenceandco.fr\/index.php\/wp-json\/wp\/v2\/posts\/109\/revisions"}],"predecessor-version":[{"id":3351,"href":"https:\/\/travelwithlaurenceandco.fr\/index.php\/wp-json\/wp\/v2\/posts\/109\/revisions\/3351"}],"wp:featuredmedia":[{"embeddable":true,"href":"https:\/\/travelwithlaurenceandco.fr\/index.php\/wp-json\/wp\/v2\/media\/267"}],"wp:attachment":[{"href":"https:\/\/travelwithlaurenceandco.fr\/index.php\/wp-json\/wp\/v2\/media?parent=109"}],"wp:term":[{"taxonomy":"category","embeddable":true,"href":"https:\/\/travelwithlaurenceandco.fr\/index.php\/wp-json\/wp\/v2\/categories?post=109"},{"taxonomy":"post_tag","embeddable":true,"href":"https:\/\/travelwithlaurenceandco.fr\/index.php\/wp-json\/wp\/v2\/tags?post=109"}],"curies":[{"name":"wp","href":"https:\/\/api.w.org\/{rel}","templated":true}]}}